{"id":13931,"date":"2025-05-02T10:27:40","date_gmt":"2025-05-02T13:27:40","guid":{"rendered":"https:\/\/novafm903.com.br\/adm\/?p=13931"},"modified":"2025-05-02T10:29:16","modified_gmt":"2025-05-02T13:29:16","slug":"bolsonaro-sai-da-uti-mas-ainda-nao-tem-previsao-de-alta-diz-hospital","status":"publish","type":"post","link":"https:\/\/novafm903.com.br\/adm\/bolsonaro-sai-da-uti-mas-ainda-nao-tem-previsao-de-alta-diz-hospital\/","title":{"rendered":"Bolsonaro sai da UTI, mas ainda n\u00e3o tem previs\u00e3o de alta, diz hospital"},"content":{"rendered":"<p>Internado h\u00e1 19 dias, o ex-presidente\u00a0<a href=\"https:\/\/portalleodias.com\/search?q=Bolsonaro#gsc.tab=0&amp;gsc.q=Bolsonaro&amp;gsc.page=1\"><strong>Jair Bolsonaro<\/strong><\/a>\u00a0foi liberado para seguir tratamento no quarto do Hospital DF Star, em Bras\u00edlia. Desde que deu entrada no hospital, o ex-presidente esteve em observa\u00e7\u00e3o na Unidade de Tratamento Intensivo (UTI), ap\u00f3s realizar uma cirurgia no abd\u00f4men que durou cerca de 12 horas.<\/p>\n<div id=\"gallery-6814bf44882ea\" class=\"ld-carousel ld-gallery-post swiper swiper-initialized swiper-horizontal swiper-backface-hidden\">\n<p>Bolsonaro estava se alimentando atrav\u00e9s de uma sonda no nariz, a chamada \u201csonda nasog\u00e1strica\u201d, mas agora j\u00e1 iniciou a dieta l\u00edquida e n\u00e3o sente mais dores, segundo a equipe m\u00e9dica respons\u00e1vel.<\/p>\n<p>A equipe do hospital segue avaliando o quadro cl\u00ednico do pol\u00edtico, que saiu de cuidados intensivos para semi-intensivos, gra\u00e7as a melhora gradativa em sua recupera\u00e7\u00e3o.<\/p>\n<div class=\"ld-cms-content\">\n<p>O ex-presidente precisou ser encaminhado ao hospital ap\u00f3s sentir fortes dores enquanto cumpria agenda no interior do Rio Grande do Norte e chegou a ficar alguns dias internado em Natal (RN) antes de se encaminhado para a capital federal.<\/p>\n<\/div>\n<div class=\"ld-block-calling\"><\/div>\n<\/div>\n","protected":false},"excerpt":{"rendered":"<p>Internado h\u00e1 19 dias, o ex-presidente\u00a0Jair Bolsonaro\u00a0foi liberado para seguir tratamento no quarto do Hospital DF Star, em Bras\u00edlia. Desde que deu entrada no hospital, o ex-presidente esteve em observa\u00e7\u00e3o na Unidade de Tratamento Intensivo (UTI), ap\u00f3s realizar uma cirurgia no abd\u00f4men que durou cerca de 12 horas. Bolsonaro estava se alimentando atrav\u00e9s de uma [&hellip;]<\/p>\n","protected":false},"author":4,"featured_media":13932,"comment_status":"closed","ping_status":"closed","sticky":true,"template":"","format":"standard","meta":{"_monsterinsights_skip_tracking":false,"_monsterinsights_sitenote_active":false,"_monsterinsights_sitenote_note":"","_monsterinsights_sitenote_category":0,"_joinchat":[],"footnotes":""},"categories":[4],"tags":[],"class_list":["post-13931","post","type-post","status-publish","format-standard","has-post-thumbnail","hentry","category-noticias"],"yoast_head":"<!-- This site is optimized with the Yoast SEO plugin v25.4 - https:\/\/yoast.com\/wordpress\/plugins\/seo\/ -->\n<title>Bolsonaro sai da UTI, mas ainda n\u00e3o tem previs\u00e3o de alta, diz hospital - R\u00e1dio Nova FM Eun\u00e1polis - 90.3 Mhz<\/title>\n<meta name=\"robots\" content=\"index, follow, max-snippet:-1, max-image-preview:large, max-video-preview:-1\" \/>\n<link rel=\"canonical\" href=\"https:\/\/novafm903.com.br\/adm\/bolsonaro-sai-da-uti-mas-ainda-nao-tem-previsao-de-alta-diz-hospital\/\" \/>\n<meta property=\"og:locale\" content=\"pt_BR\" \/>\n<meta property=\"og:type\" content=\"article\" \/>\n<meta property=\"og:title\" content=\"Bolsonaro sai da UTI, mas ainda n\u00e3o tem previs\u00e3o de alta, diz hospital - R\u00e1dio Nova FM Eun\u00e1polis - 90.3 Mhz\" \/>\n<meta property=\"og:description\" content=\"Internado h\u00e1 19 dias, o ex-presidente\u00a0Jair Bolsonaro\u00a0foi liberado para seguir tratamento no quarto do Hospital DF Star, em Bras\u00edlia. Desde que deu entrada no hospital, o ex-presidente esteve em observa\u00e7\u00e3o na Unidade de Tratamento Intensivo (UTI), ap\u00f3s realizar uma cirurgia no abd\u00f4men que durou cerca de 12 horas. Bolsonaro estava se alimentando atrav\u00e9s de uma [&hellip;]\" \/>\n<meta property=\"og:url\" content=\"https:\/\/novafm903.com.br\/adm\/bolsonaro-sai-da-uti-mas-ainda-nao-tem-previsao-de-alta-diz-hospital\/\" \/>\n<meta property=\"og:site_name\" content=\"R\u00e1dio Nova FM Eun\u00e1polis - 90.3 Mhz\" \/>\n<meta property=\"article:publisher\" content=\"https:\/\/www.instagram.com\/novafm90.3\" \/>\n<meta property=\"article:published_time\" content=\"2025-05-02T13:27:40+00:00\" \/>\n<meta property=\"article:modified_time\" content=\"2025-05-02T13:29:16+00:00\" \/>\n<meta property=\"og:image\" content=\"https:\/\/novafm903.com.br\/adm\/wp-content\/uploads\/2025\/05\/Jair-Bolsonaro-posta-foto-no-hospital-em-Natal.png\" \/>\n\t<meta property=\"og:image:width\" content=\"1200\" \/>\n\t<meta property=\"og:image:height\" content=\"900\" \/>\n\t<meta property=\"og:image:type\" content=\"image\/png\" \/>\n<meta name=\"author\" content=\"Nova FM Eun\u00e1polis\" \/>\n<meta name=\"twitter:card\" content=\"summary_large_image\" \/>\n<meta name=\"twitter:label1\" content=\"Escrito por\" \/>\n\t<meta name=\"twitter:data1\" content=\"Nova FM Eun\u00e1polis\" \/>\n\t<meta name=\"twitter:label2\" content=\"Est. tempo de leitura\" \/>\n\t<meta name=\"twitter:data2\" content=\"1 minuto\" \/>\n<script type=\"application\/ld+json\" class=\"yoast-schema-graph\">{\"@context\":\"https:\/\/schema.org\",\"@graph\":[{\"@type\":\"Article\",\"@id\":\"https:\/\/novafm903.com.br\/adm\/bolsonaro-sai-da-uti-mas-ainda-nao-tem-previsao-de-alta-diz-hospital\/#article\",\"isPartOf\":{\"@id\":\"https:\/\/novafm903.com.br\/adm\/bolsonaro-sai-da-uti-mas-ainda-nao-tem-previsao-de-alta-diz-hospital\/\"},\"author\":{\"name\":\"Nova FM Eun\u00e1polis\",\"@id\":\"https:\/\/novafm903.com.br\/adm\/#\/schema\/person\/0db5c2389cb08014069072d0f5789b3a\"},\"headline\":\"Bolsonaro sai da UTI, mas ainda n\u00e3o tem previs\u00e3o de alta, diz hospital\",\"datePublished\":\"2025-05-02T13:27:40+00:00\",\"dateModified\":\"2025-05-02T13:29:16+00:00\",\"mainEntityOfPage\":{\"@id\":\"https:\/\/novafm903.com.br\/adm\/bolsonaro-sai-da-uti-mas-ainda-nao-tem-previsao-de-alta-diz-hospital\/\"},\"wordCount\":173,\"publisher\":{\"@id\":\"https:\/\/novafm903.com.br\/adm\/#organization\"},\"image\":{\"@id\":\"https:\/\/novafm903.com.br\/adm\/bolsonaro-sai-da-uti-mas-ainda-nao-tem-previsao-de-alta-diz-hospital\/#primaryimage\"},\"thumbnailUrl\":\"https:\/\/novafm903.com.br\/adm\/wp-content\/uploads\/2025\/05\/Jair-Bolsonaro-posta-foto-no-hospital-em-Natal.png\",\"articleSection\":[\"Not\u00edcias\"],\"inLanguage\":\"pt-BR\"},{\"@type\":\"WebPage\",\"@id\":\"https:\/\/novafm903.com.br\/adm\/bolsonaro-sai-da-uti-mas-ainda-nao-tem-previsao-de-alta-diz-hospital\/\",\"url\":\"https:\/\/novafm903.com.br\/adm\/bolsonaro-sai-da-uti-mas-ainda-nao-tem-previsao-de-alta-diz-hospital\/\",\"name\":\"Bolsonaro sai da UTI, mas ainda n\u00e3o tem previs\u00e3o de alta, diz hospital - R\u00e1dio Nova FM Eun\u00e1polis - 90.3 Mhz\",\"isPartOf\":{\"@id\":\"https:\/\/novafm903.com.br\/adm\/#website\"},\"primaryImageOfPage\":{\"@id\":\"https:\/\/novafm903.com.br\/adm\/bolsonaro-sai-da-uti-mas-ainda-nao-tem-previsao-de-alta-diz-hospital\/#primaryimage\"},\"image\":{\"@id\":\"https:\/\/novafm903.com.br\/adm\/bolsonaro-sai-da-uti-mas-ainda-nao-tem-previsao-de-alta-diz-hospital\/#primaryimage\"},\"thumbnailUrl\":\"https:\/\/novafm903.com.br\/adm\/wp-content\/uploads\/2025\/05\/Jair-Bolsonaro-posta-foto-no-hospital-em-Natal.png\",\"datePublished\":\"2025-05-02T13:27:40+00:00\",\"dateModified\":\"2025-05-02T13:29:16+00:00\",\"breadcrumb\":{\"@id\":\"https:\/\/novafm903.com.br\/adm\/bolsonaro-sai-da-uti-mas-ainda-nao-tem-previsao-de-alta-diz-hospital\/#breadcrumb\"},\"inLanguage\":\"pt-BR\",\"potentialAction\":[{\"@type\":\"ReadAction\",\"target\":[\"https:\/\/novafm903.com.br\/adm\/bolsonaro-sai-da-uti-mas-ainda-nao-tem-previsao-de-alta-diz-hospital\/\"]}]},{\"@type\":\"ImageObject\",\"inLanguage\":\"pt-BR\",\"@id\":\"https:\/\/novafm903.com.br\/adm\/bolsonaro-sai-da-uti-mas-ainda-nao-tem-previsao-de-alta-diz-hospital\/#primaryimage\",\"url\":\"https:\/\/novafm903.com.br\/adm\/wp-content\/uploads\/2025\/05\/Jair-Bolsonaro-posta-foto-no-hospital-em-Natal.png\",\"contentUrl\":\"https:\/\/novafm903.com.br\/adm\/wp-content\/uploads\/2025\/05\/Jair-Bolsonaro-posta-foto-no-hospital-em-Natal.png\",\"width\":1200,\"height\":900},{\"@type\":\"BreadcrumbList\",\"@id\":\"https:\/\/novafm903.com.br\/adm\/bolsonaro-sai-da-uti-mas-ainda-nao-tem-previsao-de-alta-diz-hospital\/#breadcrumb\",\"itemListElement\":[{\"@type\":\"ListItem\",\"position\":1,\"name\":\"In\u00edcio\",\"item\":\"https:\/\/novafm903.com.br\/adm\/\"},{\"@type\":\"ListItem\",\"position\":2,\"name\":\"Bolsonaro sai da UTI, mas ainda n\u00e3o tem previs\u00e3o de alta, diz hospital\"}]},{\"@type\":\"WebSite\",\"@id\":\"https:\/\/novafm903.com.br\/adm\/#website\",\"url\":\"https:\/\/novafm903.com.br\/adm\/\",\"name\":\"R\u00e1dio Nova FM Eun\u00e1polis - 90.3 Mhz\",\"description\":\"Sua nova r\u00e1dio!\",\"publisher\":{\"@id\":\"https:\/\/novafm903.com.br\/adm\/#organization\"},\"potentialAction\":[{\"@type\":\"SearchAction\",\"target\":{\"@type\":\"EntryPoint\",\"urlTemplate\":\"https:\/\/novafm903.com.br\/adm\/?s={search_term_string}\"},\"query-input\":{\"@type\":\"PropertyValueSpecification\",\"valueRequired\":true,\"valueName\":\"search_term_string\"}}],\"inLanguage\":\"pt-BR\"},{\"@type\":\"Organization\",\"@id\":\"https:\/\/novafm903.com.br\/adm\/#organization\",\"name\":\"R\u00e1dio Nova FM Eun\u00e1polis - 90.3 Mhz\",\"url\":\"https:\/\/novafm903.com.br\/adm\/\",\"logo\":{\"@type\":\"ImageObject\",\"inLanguage\":\"pt-BR\",\"@id\":\"https:\/\/novafm903.com.br\/adm\/#\/schema\/logo\/image\/\",\"url\":\"https:\/\/novafm903.com.br\/adm\/wp-content\/uploads\/2024\/07\/logo_novafm2.png\",\"contentUrl\":\"https:\/\/novafm903.com.br\/adm\/wp-content\/uploads\/2024\/07\/logo_novafm2.png\",\"width\":512,\"height\":380,\"caption\":\"R\u00e1dio Nova FM Eun\u00e1polis - 90.3 Mhz\"},\"image\":{\"@id\":\"https:\/\/novafm903.com.br\/adm\/#\/schema\/logo\/image\/\"},\"sameAs\":[\"https:\/\/www.instagram.com\/novafm90.3\"]},{\"@type\":\"Person\",\"@id\":\"https:\/\/novafm903.com.br\/adm\/#\/schema\/person\/0db5c2389cb08014069072d0f5789b3a\",\"name\":\"Nova FM Eun\u00e1polis\",\"image\":{\"@type\":\"ImageObject\",\"inLanguage\":\"pt-BR\",\"@id\":\"https:\/\/novafm903.com.br\/adm\/#\/schema\/person\/image\/\",\"url\":\"https:\/\/secure.gravatar.com\/avatar\/431cb21b612fb6d26e76c2e4d9a3b41703e84a20132b28d1fd61decca6d8332e?s=96&d=mm&r=g\",\"contentUrl\":\"https:\/\/secure.gravatar.com\/avatar\/431cb21b612fb6d26e76c2e4d9a3b41703e84a20132b28d1fd61decca6d8332e?s=96&d=mm&r=g\",\"caption\":\"Nova FM Eun\u00e1polis\"},\"sameAs\":[\"https:\/\/novafm903.com.br\"],\"url\":\"https:\/\/novafm903.com.br\/adm\/author\/radionova_fm\/\"}]}<\/script>\n<!-- \/ Yoast SEO plugin. -->","yoast_head_json":{"title":"Bolsonaro sai da UTI, mas ainda n\u00e3o tem previs\u00e3o de alta, diz hospital - R\u00e1dio Nova FM Eun\u00e1polis - 90.3 Mhz","robots":{"index":"index","follow":"follow","max-snippet":"max-snippet:-1","max-image-preview":"max-image-preview:large","max-video-preview":"max-video-preview:-1"},"canonical":"https:\/\/novafm903.com.br\/adm\/bolsonaro-sai-da-uti-mas-ainda-nao-tem-previsao-de-alta-diz-hospital\/","og_locale":"pt_BR","og_type":"article","og_title":"Bolsonaro sai da UTI, mas ainda n\u00e3o tem previs\u00e3o de alta, diz hospital - R\u00e1dio Nova FM Eun\u00e1polis - 90.3 Mhz","og_description":"Internado h\u00e1 19 dias, o ex-presidente\u00a0Jair Bolsonaro\u00a0foi liberado para seguir tratamento no quarto do Hospital DF Star, em Bras\u00edlia. Desde que deu entrada no hospital, o ex-presidente esteve em observa\u00e7\u00e3o na Unidade de Tratamento Intensivo (UTI), ap\u00f3s realizar uma cirurgia no abd\u00f4men que durou cerca de 12 horas. Bolsonaro estava se alimentando atrav\u00e9s de uma [&hellip;]","og_url":"https:\/\/novafm903.com.br\/adm\/bolsonaro-sai-da-uti-mas-ainda-nao-tem-previsao-de-alta-diz-hospital\/","og_site_name":"R\u00e1dio Nova FM Eun\u00e1polis - 90.3 Mhz","article_publisher":"https:\/\/www.instagram.com\/novafm90.3","article_published_time":"2025-05-02T13:27:40+00:00","article_modified_time":"2025-05-02T13:29:16+00:00","og_image":[{"width":1200,"height":900,"url":"https:\/\/novafm903.com.br\/adm\/wp-content\/uploads\/2025\/05\/Jair-Bolsonaro-posta-foto-no-hospital-em-Natal.png","type":"image\/png"}],"author":"Nova FM Eun\u00e1polis","twitter_card":"summary_large_image","twitter_misc":{"Escrito por":"Nova FM Eun\u00e1polis","Est. tempo de leitura":"1 minuto"},"schema":{"@context":"https:\/\/schema.org","@graph":[{"@type":"Article","@id":"https:\/\/novafm903.com.br\/adm\/bolsonaro-sai-da-uti-mas-ainda-nao-tem-previsao-de-alta-diz-hospital\/#article","isPartOf":{"@id":"https:\/\/novafm903.com.br\/adm\/bolsonaro-sai-da-uti-mas-ainda-nao-tem-previsao-de-alta-diz-hospital\/"},"author":{"name":"Nova FM Eun\u00e1polis","@id":"https:\/\/novafm903.com.br\/adm\/#\/schema\/person\/0db5c2389cb08014069072d0f5789b3a"},"headline":"Bolsonaro sai da UTI, mas ainda n\u00e3o tem previs\u00e3o de alta, diz hospital","datePublished":"2025-05-02T13:27:40+00:00","dateModified":"2025-05-02T13:29:16+00:00","mainEntityOfPage":{"@id":"https:\/\/novafm903.com.br\/adm\/bolsonaro-sai-da-uti-mas-ainda-nao-tem-previsao-de-alta-diz-hospital\/"},"wordCount":173,"publisher":{"@id":"https:\/\/novafm903.com.br\/adm\/#organization"},"image":{"@id":"https:\/\/novafm903.com.br\/adm\/bolsonaro-sai-da-uti-mas-ainda-nao-tem-previsao-de-alta-diz-hospital\/#primaryimage"},"thumbnailUrl":"https:\/\/novafm903.com.br\/adm\/wp-content\/uploads\/2025\/05\/Jair-Bolsonaro-posta-foto-no-hospital-em-Natal.png","articleSection":["Not\u00edcias"],"inLanguage":"pt-BR"},{"@type":"WebPage","@id":"https:\/\/novafm903.com.br\/adm\/bolsonaro-sai-da-uti-mas-ainda-nao-tem-previsao-de-alta-diz-hospital\/","url":"https:\/\/novafm903.com.br\/adm\/bolsonaro-sai-da-uti-mas-ainda-nao-tem-previsao-de-alta-diz-hospital\/","name":"Bolsonaro sai da UTI, mas ainda n\u00e3o tem previs\u00e3o de alta, diz hospital - R\u00e1dio Nova FM Eun\u00e1polis - 90.3 Mhz","isPartOf":{"@id":"https:\/\/novafm903.com.br\/adm\/#website"},"primaryImageOfPage":{"@id":"https:\/\/novafm903.com.br\/adm\/bolsonaro-sai-da-uti-mas-ainda-nao-tem-previsao-de-alta-diz-hospital\/#primaryimage"},"image":{"@id":"https:\/\/novafm903.com.br\/adm\/bolsonaro-sai-da-uti-mas-ainda-nao-tem-previsao-de-alta-diz-hospital\/#primaryimage"},"thumbnailUrl":"https:\/\/novafm903.com.br\/adm\/wp-content\/uploads\/2025\/05\/Jair-Bolsonaro-posta-foto-no-hospital-em-Natal.png","datePublished":"2025-05-02T13:27:40+00:00","dateModified":"2025-05-02T13:29:16+00:00","breadcrumb":{"@id":"https:\/\/novafm903.com.br\/adm\/bolsonaro-sai-da-uti-mas-ainda-nao-tem-previsao-de-alta-diz-hospital\/#breadcrumb"},"inLanguage":"pt-BR","potentialAction":[{"@type":"ReadAction","target":["https:\/\/novafm903.com.br\/adm\/bolsonaro-sai-da-uti-mas-ainda-nao-tem-previsao-de-alta-diz-hospital\/"]}]},{"@type":"ImageObject","inLanguage":"pt-BR","@id":"https:\/\/novafm903.com.br\/adm\/bolsonaro-sai-da-uti-mas-ainda-nao-tem-previsao-de-alta-diz-hospital\/#primaryimage","url":"https:\/\/novafm903.com.br\/adm\/wp-content\/uploads\/2025\/05\/Jair-Bolsonaro-posta-foto-no-hospital-em-Natal.png","contentUrl":"https:\/\/novafm903.com.br\/adm\/wp-content\/uploads\/2025\/05\/Jair-Bolsonaro-posta-foto-no-hospital-em-Natal.png","width":1200,"height":900},{"@type":"BreadcrumbList","@id":"https:\/\/novafm903.com.br\/adm\/bolsonaro-sai-da-uti-mas-ainda-nao-tem-previsao-de-alta-diz-hospital\/#breadcrumb","itemListElement":[{"@type":"ListItem","position":1,"name":"In\u00edcio","item":"https:\/\/novafm903.com.br\/adm\/"},{"@type":"ListItem","position":2,"name":"Bolsonaro sai da UTI, mas ainda n\u00e3o tem previs\u00e3o de alta, diz hospital"}]},{"@type":"WebSite","@id":"https:\/\/novafm903.com.br\/adm\/#website","url":"https:\/\/novafm903.com.br\/adm\/","name":"R\u00e1dio Nova FM Eun\u00e1polis - 90.3 Mhz","description":"Sua nova r\u00e1dio!","publisher":{"@id":"https:\/\/novafm903.com.br\/adm\/#organization"},"potentialAction":[{"@type":"SearchAction","target":{"@type":"EntryPoint","urlTemplate":"https:\/\/novafm903.com.br\/adm\/?s={search_term_string}"},"query-input":{"@type":"PropertyValueSpecification","valueRequired":true,"valueName":"search_term_string"}}],"inLanguage":"pt-BR"},{"@type":"Organization","@id":"https:\/\/novafm903.com.br\/adm\/#organization","name":"R\u00e1dio Nova FM Eun\u00e1polis - 90.3 Mhz","url":"https:\/\/novafm903.com.br\/adm\/","logo":{"@type":"ImageObject","inLanguage":"pt-BR","@id":"https:\/\/novafm903.com.br\/adm\/#\/schema\/logo\/image\/","url":"https:\/\/novafm903.com.br\/adm\/wp-content\/uploads\/2024\/07\/logo_novafm2.png","contentUrl":"https:\/\/novafm903.com.br\/adm\/wp-content\/uploads\/2024\/07\/logo_novafm2.png","width":512,"height":380,"caption":"R\u00e1dio Nova FM Eun\u00e1polis - 90.3 Mhz"},"image":{"@id":"https:\/\/novafm903.com.br\/adm\/#\/schema\/logo\/image\/"},"sameAs":["https:\/\/www.instagram.com\/novafm90.3"]},{"@type":"Person","@id":"https:\/\/novafm903.com.br\/adm\/#\/schema\/person\/0db5c2389cb08014069072d0f5789b3a","name":"Nova FM Eun\u00e1polis","image":{"@type":"ImageObject","inLanguage":"pt-BR","@id":"https:\/\/novafm903.com.br\/adm\/#\/schema\/person\/image\/","url":"https:\/\/secure.gravatar.com\/avatar\/431cb21b612fb6d26e76c2e4d9a3b41703e84a20132b28d1fd61decca6d8332e?s=96&d=mm&r=g","contentUrl":"https:\/\/secure.gravatar.com\/avatar\/431cb21b612fb6d26e76c2e4d9a3b41703e84a20132b28d1fd61decca6d8332e?s=96&d=mm&r=g","caption":"Nova FM Eun\u00e1polis"},"sameAs":["https:\/\/novafm903.com.br"],"url":"https:\/\/novafm903.com.br\/adm\/author\/radionova_fm\/"}]}},"_links":{"self":[{"href":"https:\/\/novafm903.com.br\/adm\/wp-json\/wp\/v2\/posts\/13931","targetHints":{"allow":["GET"]}}],"collection":[{"href":"https:\/\/novafm903.com.br\/adm\/wp-json\/wp\/v2\/posts"}],"about":[{"href":"https:\/\/novafm903.com.br\/adm\/wp-json\/wp\/v2\/types\/post"}],"author":[{"embeddable":true,"href":"https:\/\/novafm903.com.br\/adm\/wp-json\/wp\/v2\/users\/4"}],"replies":[{"embeddable":true,"href":"https:\/\/novafm903.com.br\/adm\/wp-json\/wp\/v2\/comments?post=13931"}],"version-history":[{"count":1,"href":"https:\/\/novafm903.com.br\/adm\/wp-json\/wp\/v2\/posts\/13931\/revisions"}],"predecessor-version":[{"id":13933,"href":"https:\/\/novafm903.com.br\/adm\/wp-json\/wp\/v2\/posts\/13931\/revisions\/13933"}],"wp:featuredmedia":[{"embeddable":true,"href":"https:\/\/novafm903.com.br\/adm\/wp-json\/wp\/v2\/media\/13932"}],"wp:attachment":[{"href":"https:\/\/novafm903.com.br\/adm\/wp-json\/wp\/v2\/media?parent=13931"}],"wp:term":[{"taxonomy":"category","embeddable":true,"href":"https:\/\/novafm903.com.br\/adm\/wp-json\/wp\/v2\/categories?post=13931"},{"taxonomy":"post_tag","embeddable":true,"href":"https:\/\/novafm903.com.br\/adm\/wp-json\/wp\/v2\/tags?post=13931"}],"curies":[{"name":"wp","href":"https:\/\/api.w.org\/{rel}","templated":true}]}}