{"id":14008,"date":"2025-05-06T13:56:00","date_gmt":"2025-05-06T16:56:00","guid":{"rendered":"https:\/\/novafm903.com.br\/adm\/?p=14008"},"modified":"2025-05-06T13:56:00","modified_gmt":"2025-05-06T16:56:00","slug":"jeronimo-quer-tratar-bandido-com-carinho-e-adversario-politico-com-vala-dispara-acm-neto-apos-fala-polemica-do-governador","status":"publish","type":"post","link":"https:\/\/novafm903.com.br\/adm\/jeronimo-quer-tratar-bandido-com-carinho-e-adversario-politico-com-vala-dispara-acm-neto-apos-fala-polemica-do-governador\/","title":{"rendered":"&#8216;Jer\u00f4nimo quer tratar bandido com carinho e advers\u00e1rio pol\u00edtico com vala&#8217;, dispara ACM Neto ap\u00f3s fala pol\u00eamica do governador"},"content":{"rendered":"<div class=\"flex flex-col w-full font-normal text-[18px] leading-[30px] text-tw-theme-text-default\">\n<p id=\"paragrafo-1qqlglrgfr\">O ex-prefeito de Salvador e vice-presidente nacional do Uni\u00e3o Brasil, ACM Neto, criticou o governador da Bahia, Jer\u00f4nimo Rodrigues (PT), ap\u00f3s uma declara\u00e7\u00e3o pol\u00eamica do petista durante agenda no munic\u00edpio de Jo\u00e3o Dourado, na \u00faltima sexta-feira (2). Em seu discurso, Jer\u00f4nimo sugeriu que o ex-presidente Jair Bolsonaro (PL) e seus eleitores fossem levados \u201cpara a vala\u201d.\u00a0Para ACM Neto, a declara\u00e7\u00e3o foi uma ofensa n\u00e3o apenas a advers\u00e1rios pol\u00edticos, mas tamb\u00e9m aos cidad\u00e3os baianos que n\u00e3o votaram no governador.<\/p>\n<\/div>\n<div class=\"article_mrec_destaque sticky\">\n<div id=\"internas_336x280_01\" data-google-query-id=\"CPrOh6inj40DFdqDYQYdGyEdCg\">\u201cA Bahia hoje tem um governador que defende tratar bandidos com amor e carinho, e ao mesmo tempo colocar advers\u00e1rios pol\u00edticos numa vala. \u00c9 isso mesmo. Essas s\u00e3o as palavras do governador do PT, Jer\u00f4nimo Rodrigues. Ali\u00e1s, \u00e9 impressionante como essa turma prega uma coisa e faz outra completamente diferente. S\u00e3o, em tese, defensores da democracia, do respeito \u00e0s institui\u00e7\u00f5es, das diferen\u00e7as e liberdades\u201d, disparou Neto.<\/div>\n<div data-google-query-id=\"CPrOh6inj40DFdqDYQYdGyEdCg\">\n<div class=\"flex flex-col w-full font-normal text-[18px] leading-[30px] text-tw-theme-text-default\">\n<p id=\"paragrafo-lxq2hveb9w\">\u201cMas est\u00e1 a\u00ed uma declara\u00e7\u00e3o do governador Jer\u00f4nimo Rodrigues, que correu o Brasil inteiro, que n\u00e3o \u00e9 desrespeitosa apenas com advers\u00e1rios pol\u00edticos, mas tamb\u00e9m com muitos cidad\u00e3os baianos que n\u00e3o votaram nele e que n\u00e3o votaram no PT\u201d, acrescentou.\u00a0A frase de Jer\u00f4nimo mais criticada foi: \u201cBota uma \u2018enchedeira\u2019 [\u2026] uma retroescavadeira, bota e leva tudo para a vala\u201d, dita em tom de indigna\u00e7\u00e3o.<\/p>\n<\/div>\n<div class=\"flex flex-col w-full font-normal text-[18px] leading-[30px] text-tw-theme-text-default\">\n<p id=\"paragrafo-0akjo84w5c\">ACM Neto afirmou que a declara\u00e7\u00e3o extrapola os limites da pol\u00edtica e atinge os princ\u00edpios democr\u00e1ticos.\u00a0\u201cGovernador Jer\u00f4nimo Rodrigues, ao inv\u00e9s de trabalhar para resolver os grav\u00edssimos problemas do nosso estado, a exemplo da seguran\u00e7a p\u00fablica, n\u00e3o. \u00c9 uma p\u00e9rola atr\u00e1s da outra. Ali\u00e1s, \u00e9 impressionante, eu fico estarrecido e ao mesmo tempo envergonhado com a capacidade do governador Jer\u00f4nimo de falar bobagem. Agora, n\u00e3o foi apenas uma bobagem pol\u00edtica, foi uma a\u00e7\u00e3o contra a democracia e contra a vida.\u201d<\/p>\n<p>Neto pediu que o governador se retrate: \u201cEu pe\u00e7o ao governador Jer\u00f4nimo que tenha pelo menos a humildade de se desculpar com milh\u00f5es de pessoas que n\u00e3o votaram nele, porque, governador, j\u00e1 que o senhor n\u00e3o \u00e9 capaz de reconhecer as falhas, os erros e os defeitos do seu pr\u00f3prio governo, pelo menos tem a dec\u00eancia de reconhecer que o senhor erra quando diz que \u00e9 para colocar advers\u00e1rio em vala e quando quer tratar bandido com amor e carinho.\u201d<\/p>\n<\/div>\n<p>Por: Correio 24 Horas<\/p>\n<\/div>\n<\/div>\n","protected":false},"excerpt":{"rendered":"<p>O ex-prefeito de Salvador e vice-presidente nacional do Uni\u00e3o Brasil, ACM Neto, criticou o governador da Bahia, Jer\u00f4nimo Rodrigues (PT), ap\u00f3s uma declara\u00e7\u00e3o pol\u00eamica do petista durante agenda no munic\u00edpio de Jo\u00e3o Dourado, na \u00faltima sexta-feira (2). Em seu discurso, Jer\u00f4nimo sugeriu que o ex-presidente Jair Bolsonaro (PL) e seus eleitores fossem levados \u201cpara a [&hellip;]<\/p>\n","protected":false},"author":4,"featured_media":14009,"comment_status":"closed","ping_status":"closed","sticky":true,"template":"","format":"standard","meta":{"_monsterinsights_skip_tracking":false,"_monsterinsights_sitenote_active":false,"_monsterinsights_sitenote_note":"","_monsterinsights_sitenote_category":0,"_joinchat":[],"footnotes":""},"categories":[4,34],"tags":[],"class_list":["post-14008","post","type-post","status-publish","format-standard","has-post-thumbnail","hentry","category-noticias","category-policia"],"yoast_head":"<!-- This site is optimized with the Yoast SEO plugin v25.4 - https:\/\/yoast.com\/wordpress\/plugins\/seo\/ -->\n<title>&#039;Jer\u00f4nimo quer tratar bandido com carinho e advers\u00e1rio pol\u00edtico com vala&#039;, dispara ACM Neto ap\u00f3s fala pol\u00eamica do governador - R\u00e1dio Nova FM Eun\u00e1polis - 90.3 Mhz<\/title>\n<meta name=\"robots\" content=\"index, follow, max-snippet:-1, max-image-preview:large, max-video-preview:-1\" \/>\n<link rel=\"canonical\" href=\"https:\/\/novafm903.com.br\/adm\/jeronimo-quer-tratar-bandido-com-carinho-e-adversario-politico-com-vala-dispara-acm-neto-apos-fala-polemica-do-governador\/\" \/>\n<meta property=\"og:locale\" content=\"pt_BR\" \/>\n<meta property=\"og:type\" content=\"article\" \/>\n<meta property=\"og:title\" content=\"&#039;Jer\u00f4nimo quer tratar bandido com carinho e advers\u00e1rio pol\u00edtico com vala&#039;, dispara ACM Neto ap\u00f3s fala pol\u00eamica do governador - R\u00e1dio Nova FM Eun\u00e1polis - 90.3 Mhz\" \/>\n<meta property=\"og:description\" content=\"O ex-prefeito de Salvador e vice-presidente nacional do Uni\u00e3o Brasil, ACM Neto, criticou o governador da Bahia, Jer\u00f4nimo Rodrigues (PT), ap\u00f3s uma declara\u00e7\u00e3o pol\u00eamica do petista durante agenda no munic\u00edpio de Jo\u00e3o Dourado, na \u00faltima sexta-feira (2). Em seu discurso, Jer\u00f4nimo sugeriu que o ex-presidente Jair Bolsonaro (PL) e seus eleitores fossem levados \u201cpara a [&hellip;]\" \/>\n<meta property=\"og:url\" content=\"https:\/\/novafm903.com.br\/adm\/jeronimo-quer-tratar-bandido-com-carinho-e-adversario-politico-com-vala-dispara-acm-neto-apos-fala-polemica-do-governador\/\" \/>\n<meta property=\"og:site_name\" content=\"R\u00e1dio Nova FM Eun\u00e1polis - 90.3 Mhz\" \/>\n<meta property=\"article:publisher\" content=\"https:\/\/www.instagram.com\/novafm90.3\" \/>\n<meta property=\"article:published_time\" content=\"2025-05-06T16:56:00+00:00\" \/>\n<meta property=\"og:image\" content=\"https:\/\/novafm903.com.br\/adm\/wp-content\/uploads\/2025\/05\/acm-neto-2704622-article.webp\" \/>\n\t<meta property=\"og:image:width\" content=\"1200\" \/>\n\t<meta property=\"og:image:height\" content=\"900\" \/>\n\t<meta property=\"og:image:type\" content=\"image\/webp\" \/>\n<meta name=\"author\" content=\"Nova FM Eun\u00e1polis\" \/>\n<meta name=\"twitter:card\" content=\"summary_large_image\" \/>\n<meta name=\"twitter:label1\" content=\"Escrito por\" \/>\n\t<meta name=\"twitter:data1\" content=\"Nova FM Eun\u00e1polis\" \/>\n\t<meta name=\"twitter:label2\" content=\"Est. tempo de leitura\" \/>\n\t<meta name=\"twitter:data2\" content=\"2 minutos\" \/>\n<script type=\"application\/ld+json\" class=\"yoast-schema-graph\">{\"@context\":\"https:\/\/schema.org\",\"@graph\":[{\"@type\":\"Article\",\"@id\":\"https:\/\/novafm903.com.br\/adm\/jeronimo-quer-tratar-bandido-com-carinho-e-adversario-politico-com-vala-dispara-acm-neto-apos-fala-polemica-do-governador\/#article\",\"isPartOf\":{\"@id\":\"https:\/\/novafm903.com.br\/adm\/jeronimo-quer-tratar-bandido-com-carinho-e-adversario-politico-com-vala-dispara-acm-neto-apos-fala-polemica-do-governador\/\"},\"author\":{\"name\":\"Nova FM Eun\u00e1polis\",\"@id\":\"https:\/\/novafm903.com.br\/adm\/#\/schema\/person\/0db5c2389cb08014069072d0f5789b3a\"},\"headline\":\"&#8216;Jer\u00f4nimo quer tratar bandido com carinho e advers\u00e1rio pol\u00edtico com vala&#8217;, dispara ACM Neto ap\u00f3s fala pol\u00eamica do governador\",\"datePublished\":\"2025-05-06T16:56:00+00:00\",\"mainEntityOfPage\":{\"@id\":\"https:\/\/novafm903.com.br\/adm\/jeronimo-quer-tratar-bandido-com-carinho-e-adversario-politico-com-vala-dispara-acm-neto-apos-fala-polemica-do-governador\/\"},\"wordCount\":446,\"publisher\":{\"@id\":\"https:\/\/novafm903.com.br\/adm\/#organization\"},\"image\":{\"@id\":\"https:\/\/novafm903.com.br\/adm\/jeronimo-quer-tratar-bandido-com-carinho-e-adversario-politico-com-vala-dispara-acm-neto-apos-fala-polemica-do-governador\/#primaryimage\"},\"thumbnailUrl\":\"https:\/\/novafm903.com.br\/adm\/wp-content\/uploads\/2025\/05\/acm-neto-2704622-article.webp\",\"articleSection\":[\"Not\u00edcias\",\"Pol\u00edcia\"],\"inLanguage\":\"pt-BR\"},{\"@type\":\"WebPage\",\"@id\":\"https:\/\/novafm903.com.br\/adm\/jeronimo-quer-tratar-bandido-com-carinho-e-adversario-politico-com-vala-dispara-acm-neto-apos-fala-polemica-do-governador\/\",\"url\":\"https:\/\/novafm903.com.br\/adm\/jeronimo-quer-tratar-bandido-com-carinho-e-adversario-politico-com-vala-dispara-acm-neto-apos-fala-polemica-do-governador\/\",\"name\":\"'Jer\u00f4nimo quer tratar bandido com carinho e advers\u00e1rio pol\u00edtico com vala', dispara ACM Neto ap\u00f3s fala pol\u00eamica do governador - R\u00e1dio Nova FM Eun\u00e1polis - 90.3 Mhz\",\"isPartOf\":{\"@id\":\"https:\/\/novafm903.com.br\/adm\/#website\"},\"primaryImageOfPage\":{\"@id\":\"https:\/\/novafm903.com.br\/adm\/jeronimo-quer-tratar-bandido-com-carinho-e-adversario-politico-com-vala-dispara-acm-neto-apos-fala-polemica-do-governador\/#primaryimage\"},\"image\":{\"@id\":\"https:\/\/novafm903.com.br\/adm\/jeronimo-quer-tratar-bandido-com-carinho-e-adversario-politico-com-vala-dispara-acm-neto-apos-fala-polemica-do-governador\/#primaryimage\"},\"thumbnailUrl\":\"https:\/\/novafm903.com.br\/adm\/wp-content\/uploads\/2025\/05\/acm-neto-2704622-article.webp\",\"datePublished\":\"2025-05-06T16:56:00+00:00\",\"breadcrumb\":{\"@id\":\"https:\/\/novafm903.com.br\/adm\/jeronimo-quer-tratar-bandido-com-carinho-e-adversario-politico-com-vala-dispara-acm-neto-apos-fala-polemica-do-governador\/#breadcrumb\"},\"inLanguage\":\"pt-BR\",\"potentialAction\":[{\"@type\":\"ReadAction\",\"target\":[\"https:\/\/novafm903.com.br\/adm\/jeronimo-quer-tratar-bandido-com-carinho-e-adversario-politico-com-vala-dispara-acm-neto-apos-fala-polemica-do-governador\/\"]}]},{\"@type\":\"ImageObject\",\"inLanguage\":\"pt-BR\",\"@id\":\"https:\/\/novafm903.com.br\/adm\/jeronimo-quer-tratar-bandido-com-carinho-e-adversario-politico-com-vala-dispara-acm-neto-apos-fala-polemica-do-governador\/#primaryimage\",\"url\":\"https:\/\/novafm903.com.br\/adm\/wp-content\/uploads\/2025\/05\/acm-neto-2704622-article.webp\",\"contentUrl\":\"https:\/\/novafm903.com.br\/adm\/wp-content\/uploads\/2025\/05\/acm-neto-2704622-article.webp\",\"width\":1200,\"height\":900},{\"@type\":\"BreadcrumbList\",\"@id\":\"https:\/\/novafm903.com.br\/adm\/jeronimo-quer-tratar-bandido-com-carinho-e-adversario-politico-com-vala-dispara-acm-neto-apos-fala-polemica-do-governador\/#breadcrumb\",\"itemListElement\":[{\"@type\":\"ListItem\",\"position\":1,\"name\":\"In\u00edcio\",\"item\":\"https:\/\/novafm903.com.br\/adm\/\"},{\"@type\":\"ListItem\",\"position\":2,\"name\":\"&#8216;Jer\u00f4nimo quer tratar bandido com carinho e advers\u00e1rio pol\u00edtico com vala&#8217;, dispara ACM Neto ap\u00f3s fala pol\u00eamica do governador\"}]},{\"@type\":\"WebSite\",\"@id\":\"https:\/\/novafm903.com.br\/adm\/#website\",\"url\":\"https:\/\/novafm903.com.br\/adm\/\",\"name\":\"R\u00e1dio Nova FM Eun\u00e1polis - 90.3 Mhz\",\"description\":\"Sua nova r\u00e1dio!\",\"publisher\":{\"@id\":\"https:\/\/novafm903.com.br\/adm\/#organization\"},\"potentialAction\":[{\"@type\":\"SearchAction\",\"target\":{\"@type\":\"EntryPoint\",\"urlTemplate\":\"https:\/\/novafm903.com.br\/adm\/?s={search_term_string}\"},\"query-input\":{\"@type\":\"PropertyValueSpecification\",\"valueRequired\":true,\"valueName\":\"search_term_string\"}}],\"inLanguage\":\"pt-BR\"},{\"@type\":\"Organization\",\"@id\":\"https:\/\/novafm903.com.br\/adm\/#organization\",\"name\":\"R\u00e1dio Nova FM Eun\u00e1polis - 90.3 Mhz\",\"url\":\"https:\/\/novafm903.com.br\/adm\/\",\"logo\":{\"@type\":\"ImageObject\",\"inLanguage\":\"pt-BR\",\"@id\":\"https:\/\/novafm903.com.br\/adm\/#\/schema\/logo\/image\/\",\"url\":\"https:\/\/novafm903.com.br\/adm\/wp-content\/uploads\/2024\/07\/logo_novafm2.png\",\"contentUrl\":\"https:\/\/novafm903.com.br\/adm\/wp-content\/uploads\/2024\/07\/logo_novafm2.png\",\"width\":512,\"height\":380,\"caption\":\"R\u00e1dio Nova FM Eun\u00e1polis - 90.3 Mhz\"},\"image\":{\"@id\":\"https:\/\/novafm903.com.br\/adm\/#\/schema\/logo\/image\/\"},\"sameAs\":[\"https:\/\/www.instagram.com\/novafm90.3\"]},{\"@type\":\"Person\",\"@id\":\"https:\/\/novafm903.com.br\/adm\/#\/schema\/person\/0db5c2389cb08014069072d0f5789b3a\",\"name\":\"Nova FM Eun\u00e1polis\",\"image\":{\"@type\":\"ImageObject\",\"inLanguage\":\"pt-BR\",\"@id\":\"https:\/\/novafm903.com.br\/adm\/#\/schema\/person\/image\/\",\"url\":\"https:\/\/secure.gravatar.com\/avatar\/431cb21b612fb6d26e76c2e4d9a3b41703e84a20132b28d1fd61decca6d8332e?s=96&d=mm&r=g\",\"contentUrl\":\"https:\/\/secure.gravatar.com\/avatar\/431cb21b612fb6d26e76c2e4d9a3b41703e84a20132b28d1fd61decca6d8332e?s=96&d=mm&r=g\",\"caption\":\"Nova FM Eun\u00e1polis\"},\"sameAs\":[\"https:\/\/novafm903.com.br\"],\"url\":\"https:\/\/novafm903.com.br\/adm\/author\/radionova_fm\/\"}]}<\/script>\n<!-- \/ Yoast SEO plugin. -->","yoast_head_json":{"title":"'Jer\u00f4nimo quer tratar bandido com carinho e advers\u00e1rio pol\u00edtico com vala', dispara ACM Neto ap\u00f3s fala pol\u00eamica do governador - R\u00e1dio Nova FM Eun\u00e1polis - 90.3 Mhz","robots":{"index":"index","follow":"follow","max-snippet":"max-snippet:-1","max-image-preview":"max-image-preview:large","max-video-preview":"max-video-preview:-1"},"canonical":"https:\/\/novafm903.com.br\/adm\/jeronimo-quer-tratar-bandido-com-carinho-e-adversario-politico-com-vala-dispara-acm-neto-apos-fala-polemica-do-governador\/","og_locale":"pt_BR","og_type":"article","og_title":"'Jer\u00f4nimo quer tratar bandido com carinho e advers\u00e1rio pol\u00edtico com vala', dispara ACM Neto ap\u00f3s fala pol\u00eamica do governador - R\u00e1dio Nova FM Eun\u00e1polis - 90.3 Mhz","og_description":"O ex-prefeito de Salvador e vice-presidente nacional do Uni\u00e3o Brasil, ACM Neto, criticou o governador da Bahia, Jer\u00f4nimo Rodrigues (PT), ap\u00f3s uma declara\u00e7\u00e3o pol\u00eamica do petista durante agenda no munic\u00edpio de Jo\u00e3o Dourado, na \u00faltima sexta-feira (2). Em seu discurso, Jer\u00f4nimo sugeriu que o ex-presidente Jair Bolsonaro (PL) e seus eleitores fossem levados \u201cpara a [&hellip;]","og_url":"https:\/\/novafm903.com.br\/adm\/jeronimo-quer-tratar-bandido-com-carinho-e-adversario-politico-com-vala-dispara-acm-neto-apos-fala-polemica-do-governador\/","og_site_name":"R\u00e1dio Nova FM Eun\u00e1polis - 90.3 Mhz","article_publisher":"https:\/\/www.instagram.com\/novafm90.3","article_published_time":"2025-05-06T16:56:00+00:00","og_image":[{"width":1200,"height":900,"url":"https:\/\/novafm903.com.br\/adm\/wp-content\/uploads\/2025\/05\/acm-neto-2704622-article.webp","type":"image\/webp"}],"author":"Nova FM Eun\u00e1polis","twitter_card":"summary_large_image","twitter_misc":{"Escrito por":"Nova FM Eun\u00e1polis","Est. tempo de leitura":"2 minutos"},"schema":{"@context":"https:\/\/schema.org","@graph":[{"@type":"Article","@id":"https:\/\/novafm903.com.br\/adm\/jeronimo-quer-tratar-bandido-com-carinho-e-adversario-politico-com-vala-dispara-acm-neto-apos-fala-polemica-do-governador\/#article","isPartOf":{"@id":"https:\/\/novafm903.com.br\/adm\/jeronimo-quer-tratar-bandido-com-carinho-e-adversario-politico-com-vala-dispara-acm-neto-apos-fala-polemica-do-governador\/"},"author":{"name":"Nova FM Eun\u00e1polis","@id":"https:\/\/novafm903.com.br\/adm\/#\/schema\/person\/0db5c2389cb08014069072d0f5789b3a"},"headline":"&#8216;Jer\u00f4nimo quer tratar bandido com carinho e advers\u00e1rio pol\u00edtico com vala&#8217;, dispara ACM Neto ap\u00f3s fala pol\u00eamica do governador","datePublished":"2025-05-06T16:56:00+00:00","mainEntityOfPage":{"@id":"https:\/\/novafm903.com.br\/adm\/jeronimo-quer-tratar-bandido-com-carinho-e-adversario-politico-com-vala-dispara-acm-neto-apos-fala-polemica-do-governador\/"},"wordCount":446,"publisher":{"@id":"https:\/\/novafm903.com.br\/adm\/#organization"},"image":{"@id":"https:\/\/novafm903.com.br\/adm\/jeronimo-quer-tratar-bandido-com-carinho-e-adversario-politico-com-vala-dispara-acm-neto-apos-fala-polemica-do-governador\/#primaryimage"},"thumbnailUrl":"https:\/\/novafm903.com.br\/adm\/wp-content\/uploads\/2025\/05\/acm-neto-2704622-article.webp","articleSection":["Not\u00edcias","Pol\u00edcia"],"inLanguage":"pt-BR"},{"@type":"WebPage","@id":"https:\/\/novafm903.com.br\/adm\/jeronimo-quer-tratar-bandido-com-carinho-e-adversario-politico-com-vala-dispara-acm-neto-apos-fala-polemica-do-governador\/","url":"https:\/\/novafm903.com.br\/adm\/jeronimo-quer-tratar-bandido-com-carinho-e-adversario-politico-com-vala-dispara-acm-neto-apos-fala-polemica-do-governador\/","name":"'Jer\u00f4nimo quer tratar bandido com carinho e advers\u00e1rio pol\u00edtico com vala', dispara ACM Neto ap\u00f3s fala pol\u00eamica do governador - R\u00e1dio Nova FM Eun\u00e1polis - 90.3 Mhz","isPartOf":{"@id":"https:\/\/novafm903.com.br\/adm\/#website"},"primaryImageOfPage":{"@id":"https:\/\/novafm903.com.br\/adm\/jeronimo-quer-tratar-bandido-com-carinho-e-adversario-politico-com-vala-dispara-acm-neto-apos-fala-polemica-do-governador\/#primaryimage"},"image":{"@id":"https:\/\/novafm903.com.br\/adm\/jeronimo-quer-tratar-bandido-com-carinho-e-adversario-politico-com-vala-dispara-acm-neto-apos-fala-polemica-do-governador\/#primaryimage"},"thumbnailUrl":"https:\/\/novafm903.com.br\/adm\/wp-content\/uploads\/2025\/05\/acm-neto-2704622-article.webp","datePublished":"2025-05-06T16:56:00+00:00","breadcrumb":{"@id":"https:\/\/novafm903.com.br\/adm\/jeronimo-quer-tratar-bandido-com-carinho-e-adversario-politico-com-vala-dispara-acm-neto-apos-fala-polemica-do-governador\/#breadcrumb"},"inLanguage":"pt-BR","potentialAction":[{"@type":"ReadAction","target":["https:\/\/novafm903.com.br\/adm\/jeronimo-quer-tratar-bandido-com-carinho-e-adversario-politico-com-vala-dispara-acm-neto-apos-fala-polemica-do-governador\/"]}]},{"@type":"ImageObject","inLanguage":"pt-BR","@id":"https:\/\/novafm903.com.br\/adm\/jeronimo-quer-tratar-bandido-com-carinho-e-adversario-politico-com-vala-dispara-acm-neto-apos-fala-polemica-do-governador\/#primaryimage","url":"https:\/\/novafm903.com.br\/adm\/wp-content\/uploads\/2025\/05\/acm-neto-2704622-article.webp","contentUrl":"https:\/\/novafm903.com.br\/adm\/wp-content\/uploads\/2025\/05\/acm-neto-2704622-article.webp","width":1200,"height":900},{"@type":"BreadcrumbList","@id":"https:\/\/novafm903.com.br\/adm\/jeronimo-quer-tratar-bandido-com-carinho-e-adversario-politico-com-vala-dispara-acm-neto-apos-fala-polemica-do-governador\/#breadcrumb","itemListElement":[{"@type":"ListItem","position":1,"name":"In\u00edcio","item":"https:\/\/novafm903.com.br\/adm\/"},{"@type":"ListItem","position":2,"name":"&#8216;Jer\u00f4nimo quer tratar bandido com carinho e advers\u00e1rio pol\u00edtico com vala&#8217;, dispara ACM Neto ap\u00f3s fala pol\u00eamica do governador"}]},{"@type":"WebSite","@id":"https:\/\/novafm903.com.br\/adm\/#website","url":"https:\/\/novafm903.com.br\/adm\/","name":"R\u00e1dio Nova FM Eun\u00e1polis - 90.3 Mhz","description":"Sua nova r\u00e1dio!","publisher":{"@id":"https:\/\/novafm903.com.br\/adm\/#organization"},"potentialAction":[{"@type":"SearchAction","target":{"@type":"EntryPoint","urlTemplate":"https:\/\/novafm903.com.br\/adm\/?s={search_term_string}"},"query-input":{"@type":"PropertyValueSpecification","valueRequired":true,"valueName":"search_term_string"}}],"inLanguage":"pt-BR"},{"@type":"Organization","@id":"https:\/\/novafm903.com.br\/adm\/#organization","name":"R\u00e1dio Nova FM Eun\u00e1polis - 90.3 Mhz","url":"https:\/\/novafm903.com.br\/adm\/","logo":{"@type":"ImageObject","inLanguage":"pt-BR","@id":"https:\/\/novafm903.com.br\/adm\/#\/schema\/logo\/image\/","url":"https:\/\/novafm903.com.br\/adm\/wp-content\/uploads\/2024\/07\/logo_novafm2.png","contentUrl":"https:\/\/novafm903.com.br\/adm\/wp-content\/uploads\/2024\/07\/logo_novafm2.png","width":512,"height":380,"caption":"R\u00e1dio Nova FM Eun\u00e1polis - 90.3 Mhz"},"image":{"@id":"https:\/\/novafm903.com.br\/adm\/#\/schema\/logo\/image\/"},"sameAs":["https:\/\/www.instagram.com\/novafm90.3"]},{"@type":"Person","@id":"https:\/\/novafm903.com.br\/adm\/#\/schema\/person\/0db5c2389cb08014069072d0f5789b3a","name":"Nova FM Eun\u00e1polis","image":{"@type":"ImageObject","inLanguage":"pt-BR","@id":"https:\/\/novafm903.com.br\/adm\/#\/schema\/person\/image\/","url":"https:\/\/secure.gravatar.com\/avatar\/431cb21b612fb6d26e76c2e4d9a3b41703e84a20132b28d1fd61decca6d8332e?s=96&d=mm&r=g","contentUrl":"https:\/\/secure.gravatar.com\/avatar\/431cb21b612fb6d26e76c2e4d9a3b41703e84a20132b28d1fd61decca6d8332e?s=96&d=mm&r=g","caption":"Nova FM Eun\u00e1polis"},"sameAs":["https:\/\/novafm903.com.br"],"url":"https:\/\/novafm903.com.br\/adm\/author\/radionova_fm\/"}]}},"_links":{"self":[{"href":"https:\/\/novafm903.com.br\/adm\/wp-json\/wp\/v2\/posts\/14008","targetHints":{"allow":["GET"]}}],"collection":[{"href":"https:\/\/novafm903.com.br\/adm\/wp-json\/wp\/v2\/posts"}],"about":[{"href":"https:\/\/novafm903.com.br\/adm\/wp-json\/wp\/v2\/types\/post"}],"author":[{"embeddable":true,"href":"https:\/\/novafm903.com.br\/adm\/wp-json\/wp\/v2\/users\/4"}],"replies":[{"embeddable":true,"href":"https:\/\/novafm903.com.br\/adm\/wp-json\/wp\/v2\/comments?post=14008"}],"version-history":[{"count":1,"href":"https:\/\/novafm903.com.br\/adm\/wp-json\/wp\/v2\/posts\/14008\/revisions"}],"predecessor-version":[{"id":14010,"href":"https:\/\/novafm903.com.br\/adm\/wp-json\/wp\/v2\/posts\/14008\/revisions\/14010"}],"wp:featuredmedia":[{"embeddable":true,"href":"https:\/\/novafm903.com.br\/adm\/wp-json\/wp\/v2\/media\/14009"}],"wp:attachment":[{"href":"https:\/\/novafm903.com.br\/adm\/wp-json\/wp\/v2\/media?parent=14008"}],"wp:term":[{"taxonomy":"category","embeddable":true,"href":"https:\/\/novafm903.com.br\/adm\/wp-json\/wp\/v2\/categories?post=14008"},{"taxonomy":"post_tag","embeddable":true,"href":"https:\/\/novafm903.com.br\/adm\/wp-json\/wp\/v2\/tags?post=14008"}],"curies":[{"name":"wp","href":"https:\/\/api.w.org\/{rel}","templated":true}]}}