{"id":14293,"date":"2025-05-28T10:48:54","date_gmt":"2025-05-28T13:48:54","guid":{"rendered":"https:\/\/novafm903.com.br\/adm\/?p=14293"},"modified":"2025-06-17T11:26:13","modified_gmt":"2025-06-17T14:26:13","slug":"prefeitura-de-itabela-confirma-primeiras-atracoes-do-arraia-bela-para-os-36-anos-da-cidade","status":"publish","type":"post","link":"https:\/\/novafm903.com.br\/adm\/prefeitura-de-itabela-confirma-primeiras-atracoes-do-arraia-bela-para-os-36-anos-da-cidade\/","title":{"rendered":"Prefeitura de Itabela confirma primeiras atra\u00e7\u00f5es do Arrai\u00e1 Bela para os 36 anos da cidade"},"content":{"rendered":"<p>A Prefeitura de Itabela divulgou na \u00faltima sexta-feira (23) as primeiras atra\u00e7\u00f5es confirmadas para o Arrai\u00e1 Bela 2025, festa que celebra os 36 anos de emancipa\u00e7\u00e3o pol\u00edtica do munic\u00edpio. Entre os nomes anunciados est\u00e3o Forroz\u00e3o das Antigas, 100 Parea e Lairton, que se apresentar\u00e3o nos dias 13 e 14 de junho, na Pra\u00e7a da Matriz.<\/p>\n<p>Com o tema tradicional das festas juninas, o Arrai\u00e1 Bela promete animar o p\u00fablico com muito forr\u00f3 e cultura regional. O evento contar\u00e1 com estrutura completa montada no centro da cidade, incluindo shows musicais, concurso regional de quadrilhas juninas e diversas atividades culturais.<\/p>\n<p>O prefeito Ricardo Flauzino destacou a import\u00e2ncia do evento para o desenvolvimento econ\u00f4mico da cidade e sua repercuss\u00e3o na regi\u00e3o. \u201cEstamos preparando uma grande festa para comemorar o anivers\u00e1rio de Itabela com alegria e valoriza\u00e7\u00e3o da nossa cultura. Al\u00e9m de proporcionar lazer e divers\u00e3o para nossa popula\u00e7\u00e3o, o Arrai\u00e1 Bela movimenta o com\u00e9rcio local, pousadas, ambulantes e toda a economia do munic\u00edpio. Agrade\u00e7o ao deputado federal Diego Coronel pelo apoio a nossa festa\u201d, afirmou o prefeito.<\/p>\n<p>A programa\u00e7\u00e3o completa ser\u00e1 divulgada na pr\u00f3xima semana, com novos nomes e detalhes das atividades que far\u00e3o parte da festa.<\/p>\n<p>O evento \u00e9 uma realiza\u00e7\u00e3o da Prefeitura de Itabela, por meio da Secretaria Municipal de Cultura (SECULTI), com apoio do Governo do Estado da Bahia e da Superintend\u00eancia de Fomento ao Turismo (Sufotur).<\/p>\n<p>Fonte: Ascom \u2013 Prefeitura de Itabela<\/p>\n","protected":false},"excerpt":{"rendered":"<p>A Prefeitura de Itabela divulgou na \u00faltima sexta-feira (23) as primeiras atra\u00e7\u00f5es confirmadas para o Arrai\u00e1 Bela 2025, festa que celebra os 36 anos de emancipa\u00e7\u00e3o pol\u00edtica do munic\u00edpio. Entre os nomes anunciados est\u00e3o Forroz\u00e3o das Antigas, 100 Parea e Lairton, que se apresentar\u00e3o nos dias 13 e 14 de junho, na Pra\u00e7a da Matriz. [&hellip;]<\/p>\n","protected":false},"author":4,"featured_media":14294,"comment_status":"closed","ping_status":"closed","sticky":true,"template":"","format":"standard","meta":{"_monsterinsights_skip_tracking":false,"_monsterinsights_sitenote_active":false,"_monsterinsights_sitenote_note":"","_monsterinsights_sitenote_category":0,"_joinchat":[],"footnotes":""},"categories":[35],"tags":[],"class_list":["post-14293","post","type-post","status-publish","format-standard","has-post-thumbnail","hentry","category-cultura"],"yoast_head":"<!-- This site is optimized with the Yoast SEO plugin v25.4 - https:\/\/yoast.com\/wordpress\/plugins\/seo\/ -->\n<title>Prefeitura de Itabela confirma primeiras atra\u00e7\u00f5es do Arrai\u00e1 Bela para os 36 anos da cidade - R\u00e1dio Nova FM Eun\u00e1polis - 90.3 Mhz<\/title>\n<meta name=\"robots\" content=\"index, follow, max-snippet:-1, max-image-preview:large, max-video-preview:-1\" \/>\n<link rel=\"canonical\" href=\"https:\/\/novafm903.com.br\/adm\/prefeitura-de-itabela-confirma-primeiras-atracoes-do-arraia-bela-para-os-36-anos-da-cidade\/\" \/>\n<meta property=\"og:locale\" content=\"pt_BR\" \/>\n<meta property=\"og:type\" content=\"article\" \/>\n<meta property=\"og:title\" content=\"Prefeitura de Itabela confirma primeiras atra\u00e7\u00f5es do Arrai\u00e1 Bela para os 36 anos da cidade - R\u00e1dio Nova FM Eun\u00e1polis - 90.3 Mhz\" \/>\n<meta property=\"og:description\" content=\"A Prefeitura de Itabela divulgou na \u00faltima sexta-feira (23) as primeiras atra\u00e7\u00f5es confirmadas para o Arrai\u00e1 Bela 2025, festa que celebra os 36 anos de emancipa\u00e7\u00e3o pol\u00edtica do munic\u00edpio. Entre os nomes anunciados est\u00e3o Forroz\u00e3o das Antigas, 100 Parea e Lairton, que se apresentar\u00e3o nos dias 13 e 14 de junho, na Pra\u00e7a da Matriz. [&hellip;]\" \/>\n<meta property=\"og:url\" content=\"https:\/\/novafm903.com.br\/adm\/prefeitura-de-itabela-confirma-primeiras-atracoes-do-arraia-bela-para-os-36-anos-da-cidade\/\" \/>\n<meta property=\"og:site_name\" content=\"R\u00e1dio Nova FM Eun\u00e1polis - 90.3 Mhz\" \/>\n<meta property=\"article:publisher\" content=\"https:\/\/www.instagram.com\/novafm90.3\" \/>\n<meta property=\"article:published_time\" content=\"2025-05-28T13:48:54+00:00\" \/>\n<meta property=\"article:modified_time\" content=\"2025-06-17T14:26:13+00:00\" \/>\n<meta property=\"og:image\" content=\"https:\/\/novafm903.com.br\/adm\/wp-content\/uploads\/2025\/05\/WhatsApp-Image-2025-05-24-at-1.10.35-PM-750x536-1.jpg\" \/>\n\t<meta property=\"og:image:width\" content=\"750\" \/>\n\t<meta property=\"og:image:height\" content=\"536\" \/>\n\t<meta property=\"og:image:type\" content=\"image\/jpeg\" \/>\n<meta name=\"author\" content=\"Nova FM Eun\u00e1polis\" \/>\n<meta name=\"twitter:card\" content=\"summary_large_image\" \/>\n<meta name=\"twitter:label1\" content=\"Escrito por\" \/>\n\t<meta name=\"twitter:data1\" content=\"Nova FM Eun\u00e1polis\" \/>\n\t<meta name=\"twitter:label2\" content=\"Est. tempo de leitura\" \/>\n\t<meta name=\"twitter:data2\" content=\"1 minuto\" \/>\n<script type=\"application\/ld+json\" class=\"yoast-schema-graph\">{\"@context\":\"https:\/\/schema.org\",\"@graph\":[{\"@type\":\"Article\",\"@id\":\"https:\/\/novafm903.com.br\/adm\/prefeitura-de-itabela-confirma-primeiras-atracoes-do-arraia-bela-para-os-36-anos-da-cidade\/#article\",\"isPartOf\":{\"@id\":\"https:\/\/novafm903.com.br\/adm\/prefeitura-de-itabela-confirma-primeiras-atracoes-do-arraia-bela-para-os-36-anos-da-cidade\/\"},\"author\":{\"name\":\"Nova FM Eun\u00e1polis\",\"@id\":\"https:\/\/novafm903.com.br\/adm\/#\/schema\/person\/0db5c2389cb08014069072d0f5789b3a\"},\"headline\":\"Prefeitura de Itabela confirma primeiras atra\u00e7\u00f5es do Arrai\u00e1 Bela para os 36 anos da cidade\",\"datePublished\":\"2025-05-28T13:48:54+00:00\",\"dateModified\":\"2025-06-17T14:26:13+00:00\",\"mainEntityOfPage\":{\"@id\":\"https:\/\/novafm903.com.br\/adm\/prefeitura-de-itabela-confirma-primeiras-atracoes-do-arraia-bela-para-os-36-anos-da-cidade\/\"},\"wordCount\":266,\"publisher\":{\"@id\":\"https:\/\/novafm903.com.br\/adm\/#organization\"},\"image\":{\"@id\":\"https:\/\/novafm903.com.br\/adm\/prefeitura-de-itabela-confirma-primeiras-atracoes-do-arraia-bela-para-os-36-anos-da-cidade\/#primaryimage\"},\"thumbnailUrl\":\"https:\/\/novafm903.com.br\/adm\/wp-content\/uploads\/2025\/05\/WhatsApp-Image-2025-05-24-at-1.10.35-PM-750x536-1.jpg\",\"articleSection\":[\"Cultura\"],\"inLanguage\":\"pt-BR\"},{\"@type\":\"WebPage\",\"@id\":\"https:\/\/novafm903.com.br\/adm\/prefeitura-de-itabela-confirma-primeiras-atracoes-do-arraia-bela-para-os-36-anos-da-cidade\/\",\"url\":\"https:\/\/novafm903.com.br\/adm\/prefeitura-de-itabela-confirma-primeiras-atracoes-do-arraia-bela-para-os-36-anos-da-cidade\/\",\"name\":\"Prefeitura de Itabela confirma primeiras atra\u00e7\u00f5es do Arrai\u00e1 Bela para os 36 anos da cidade - R\u00e1dio Nova FM Eun\u00e1polis - 90.3 Mhz\",\"isPartOf\":{\"@id\":\"https:\/\/novafm903.com.br\/adm\/#website\"},\"primaryImageOfPage\":{\"@id\":\"https:\/\/novafm903.com.br\/adm\/prefeitura-de-itabela-confirma-primeiras-atracoes-do-arraia-bela-para-os-36-anos-da-cidade\/#primaryimage\"},\"image\":{\"@id\":\"https:\/\/novafm903.com.br\/adm\/prefeitura-de-itabela-confirma-primeiras-atracoes-do-arraia-bela-para-os-36-anos-da-cidade\/#primaryimage\"},\"thumbnailUrl\":\"https:\/\/novafm903.com.br\/adm\/wp-content\/uploads\/2025\/05\/WhatsApp-Image-2025-05-24-at-1.10.35-PM-750x536-1.jpg\",\"datePublished\":\"2025-05-28T13:48:54+00:00\",\"dateModified\":\"2025-06-17T14:26:13+00:00\",\"breadcrumb\":{\"@id\":\"https:\/\/novafm903.com.br\/adm\/prefeitura-de-itabela-confirma-primeiras-atracoes-do-arraia-bela-para-os-36-anos-da-cidade\/#breadcrumb\"},\"inLanguage\":\"pt-BR\",\"potentialAction\":[{\"@type\":\"ReadAction\",\"target\":[\"https:\/\/novafm903.com.br\/adm\/prefeitura-de-itabela-confirma-primeiras-atracoes-do-arraia-bela-para-os-36-anos-da-cidade\/\"]}]},{\"@type\":\"ImageObject\",\"inLanguage\":\"pt-BR\",\"@id\":\"https:\/\/novafm903.com.br\/adm\/prefeitura-de-itabela-confirma-primeiras-atracoes-do-arraia-bela-para-os-36-anos-da-cidade\/#primaryimage\",\"url\":\"https:\/\/novafm903.com.br\/adm\/wp-content\/uploads\/2025\/05\/WhatsApp-Image-2025-05-24-at-1.10.35-PM-750x536-1.jpg\",\"contentUrl\":\"https:\/\/novafm903.com.br\/adm\/wp-content\/uploads\/2025\/05\/WhatsApp-Image-2025-05-24-at-1.10.35-PM-750x536-1.jpg\",\"width\":750,\"height\":536},{\"@type\":\"BreadcrumbList\",\"@id\":\"https:\/\/novafm903.com.br\/adm\/prefeitura-de-itabela-confirma-primeiras-atracoes-do-arraia-bela-para-os-36-anos-da-cidade\/#breadcrumb\",\"itemListElement\":[{\"@type\":\"ListItem\",\"position\":1,\"name\":\"In\u00edcio\",\"item\":\"https:\/\/novafm903.com.br\/adm\/\"},{\"@type\":\"ListItem\",\"position\":2,\"name\":\"Prefeitura de Itabela confirma primeiras atra\u00e7\u00f5es do Arrai\u00e1 Bela para os 36 anos da cidade\"}]},{\"@type\":\"WebSite\",\"@id\":\"https:\/\/novafm903.com.br\/adm\/#website\",\"url\":\"https:\/\/novafm903.com.br\/adm\/\",\"name\":\"R\u00e1dio Nova FM Eun\u00e1polis - 90.3 Mhz\",\"description\":\"Sua nova r\u00e1dio!\",\"publisher\":{\"@id\":\"https:\/\/novafm903.com.br\/adm\/#organization\"},\"potentialAction\":[{\"@type\":\"SearchAction\",\"target\":{\"@type\":\"EntryPoint\",\"urlTemplate\":\"https:\/\/novafm903.com.br\/adm\/?s={search_term_string}\"},\"query-input\":{\"@type\":\"PropertyValueSpecification\",\"valueRequired\":true,\"valueName\":\"search_term_string\"}}],\"inLanguage\":\"pt-BR\"},{\"@type\":\"Organization\",\"@id\":\"https:\/\/novafm903.com.br\/adm\/#organization\",\"name\":\"R\u00e1dio Nova FM Eun\u00e1polis - 90.3 Mhz\",\"url\":\"https:\/\/novafm903.com.br\/adm\/\",\"logo\":{\"@type\":\"ImageObject\",\"inLanguage\":\"pt-BR\",\"@id\":\"https:\/\/novafm903.com.br\/adm\/#\/schema\/logo\/image\/\",\"url\":\"https:\/\/novafm903.com.br\/adm\/wp-content\/uploads\/2024\/07\/logo_novafm2.png\",\"contentUrl\":\"https:\/\/novafm903.com.br\/adm\/wp-content\/uploads\/2024\/07\/logo_novafm2.png\",\"width\":512,\"height\":380,\"caption\":\"R\u00e1dio Nova FM Eun\u00e1polis - 90.3 Mhz\"},\"image\":{\"@id\":\"https:\/\/novafm903.com.br\/adm\/#\/schema\/logo\/image\/\"},\"sameAs\":[\"https:\/\/www.instagram.com\/novafm90.3\"]},{\"@type\":\"Person\",\"@id\":\"https:\/\/novafm903.com.br\/adm\/#\/schema\/person\/0db5c2389cb08014069072d0f5789b3a\",\"name\":\"Nova FM Eun\u00e1polis\",\"image\":{\"@type\":\"ImageObject\",\"inLanguage\":\"pt-BR\",\"@id\":\"https:\/\/novafm903.com.br\/adm\/#\/schema\/person\/image\/\",\"url\":\"https:\/\/secure.gravatar.com\/avatar\/431cb21b612fb6d26e76c2e4d9a3b41703e84a20132b28d1fd61decca6d8332e?s=96&d=mm&r=g\",\"contentUrl\":\"https:\/\/secure.gravatar.com\/avatar\/431cb21b612fb6d26e76c2e4d9a3b41703e84a20132b28d1fd61decca6d8332e?s=96&d=mm&r=g\",\"caption\":\"Nova FM Eun\u00e1polis\"},\"sameAs\":[\"https:\/\/novafm903.com.br\"],\"url\":\"https:\/\/novafm903.com.br\/adm\/author\/radionova_fm\/\"}]}<\/script>\n<!-- \/ Yoast SEO plugin. -->","yoast_head_json":{"title":"Prefeitura de Itabela confirma primeiras atra\u00e7\u00f5es do Arrai\u00e1 Bela para os 36 anos da cidade - R\u00e1dio Nova FM Eun\u00e1polis - 90.3 Mhz","robots":{"index":"index","follow":"follow","max-snippet":"max-snippet:-1","max-image-preview":"max-image-preview:large","max-video-preview":"max-video-preview:-1"},"canonical":"https:\/\/novafm903.com.br\/adm\/prefeitura-de-itabela-confirma-primeiras-atracoes-do-arraia-bela-para-os-36-anos-da-cidade\/","og_locale":"pt_BR","og_type":"article","og_title":"Prefeitura de Itabela confirma primeiras atra\u00e7\u00f5es do Arrai\u00e1 Bela para os 36 anos da cidade - R\u00e1dio Nova FM Eun\u00e1polis - 90.3 Mhz","og_description":"A Prefeitura de Itabela divulgou na \u00faltima sexta-feira (23) as primeiras atra\u00e7\u00f5es confirmadas para o Arrai\u00e1 Bela 2025, festa que celebra os 36 anos de emancipa\u00e7\u00e3o pol\u00edtica do munic\u00edpio. Entre os nomes anunciados est\u00e3o Forroz\u00e3o das Antigas, 100 Parea e Lairton, que se apresentar\u00e3o nos dias 13 e 14 de junho, na Pra\u00e7a da Matriz. [&hellip;]","og_url":"https:\/\/novafm903.com.br\/adm\/prefeitura-de-itabela-confirma-primeiras-atracoes-do-arraia-bela-para-os-36-anos-da-cidade\/","og_site_name":"R\u00e1dio Nova FM Eun\u00e1polis - 90.3 Mhz","article_publisher":"https:\/\/www.instagram.com\/novafm90.3","article_published_time":"2025-05-28T13:48:54+00:00","article_modified_time":"2025-06-17T14:26:13+00:00","og_image":[{"width":750,"height":536,"url":"https:\/\/novafm903.com.br\/adm\/wp-content\/uploads\/2025\/05\/WhatsApp-Image-2025-05-24-at-1.10.35-PM-750x536-1.jpg","type":"image\/jpeg"}],"author":"Nova FM Eun\u00e1polis","twitter_card":"summary_large_image","twitter_misc":{"Escrito por":"Nova FM Eun\u00e1polis","Est. tempo de leitura":"1 minuto"},"schema":{"@context":"https:\/\/schema.org","@graph":[{"@type":"Article","@id":"https:\/\/novafm903.com.br\/adm\/prefeitura-de-itabela-confirma-primeiras-atracoes-do-arraia-bela-para-os-36-anos-da-cidade\/#article","isPartOf":{"@id":"https:\/\/novafm903.com.br\/adm\/prefeitura-de-itabela-confirma-primeiras-atracoes-do-arraia-bela-para-os-36-anos-da-cidade\/"},"author":{"name":"Nova FM Eun\u00e1polis","@id":"https:\/\/novafm903.com.br\/adm\/#\/schema\/person\/0db5c2389cb08014069072d0f5789b3a"},"headline":"Prefeitura de Itabela confirma primeiras atra\u00e7\u00f5es do Arrai\u00e1 Bela para os 36 anos da cidade","datePublished":"2025-05-28T13:48:54+00:00","dateModified":"2025-06-17T14:26:13+00:00","mainEntityOfPage":{"@id":"https:\/\/novafm903.com.br\/adm\/prefeitura-de-itabela-confirma-primeiras-atracoes-do-arraia-bela-para-os-36-anos-da-cidade\/"},"wordCount":266,"publisher":{"@id":"https:\/\/novafm903.com.br\/adm\/#organization"},"image":{"@id":"https:\/\/novafm903.com.br\/adm\/prefeitura-de-itabela-confirma-primeiras-atracoes-do-arraia-bela-para-os-36-anos-da-cidade\/#primaryimage"},"thumbnailUrl":"https:\/\/novafm903.com.br\/adm\/wp-content\/uploads\/2025\/05\/WhatsApp-Image-2025-05-24-at-1.10.35-PM-750x536-1.jpg","articleSection":["Cultura"],"inLanguage":"pt-BR"},{"@type":"WebPage","@id":"https:\/\/novafm903.com.br\/adm\/prefeitura-de-itabela-confirma-primeiras-atracoes-do-arraia-bela-para-os-36-anos-da-cidade\/","url":"https:\/\/novafm903.com.br\/adm\/prefeitura-de-itabela-confirma-primeiras-atracoes-do-arraia-bela-para-os-36-anos-da-cidade\/","name":"Prefeitura de Itabela confirma primeiras atra\u00e7\u00f5es do Arrai\u00e1 Bela para os 36 anos da cidade - R\u00e1dio Nova FM Eun\u00e1polis - 90.3 Mhz","isPartOf":{"@id":"https:\/\/novafm903.com.br\/adm\/#website"},"primaryImageOfPage":{"@id":"https:\/\/novafm903.com.br\/adm\/prefeitura-de-itabela-confirma-primeiras-atracoes-do-arraia-bela-para-os-36-anos-da-cidade\/#primaryimage"},"image":{"@id":"https:\/\/novafm903.com.br\/adm\/prefeitura-de-itabela-confirma-primeiras-atracoes-do-arraia-bela-para-os-36-anos-da-cidade\/#primaryimage"},"thumbnailUrl":"https:\/\/novafm903.com.br\/adm\/wp-content\/uploads\/2025\/05\/WhatsApp-Image-2025-05-24-at-1.10.35-PM-750x536-1.jpg","datePublished":"2025-05-28T13:48:54+00:00","dateModified":"2025-06-17T14:26:13+00:00","breadcrumb":{"@id":"https:\/\/novafm903.com.br\/adm\/prefeitura-de-itabela-confirma-primeiras-atracoes-do-arraia-bela-para-os-36-anos-da-cidade\/#breadcrumb"},"inLanguage":"pt-BR","potentialAction":[{"@type":"ReadAction","target":["https:\/\/novafm903.com.br\/adm\/prefeitura-de-itabela-confirma-primeiras-atracoes-do-arraia-bela-para-os-36-anos-da-cidade\/"]}]},{"@type":"ImageObject","inLanguage":"pt-BR","@id":"https:\/\/novafm903.com.br\/adm\/prefeitura-de-itabela-confirma-primeiras-atracoes-do-arraia-bela-para-os-36-anos-da-cidade\/#primaryimage","url":"https:\/\/novafm903.com.br\/adm\/wp-content\/uploads\/2025\/05\/WhatsApp-Image-2025-05-24-at-1.10.35-PM-750x536-1.jpg","contentUrl":"https:\/\/novafm903.com.br\/adm\/wp-content\/uploads\/2025\/05\/WhatsApp-Image-2025-05-24-at-1.10.35-PM-750x536-1.jpg","width":750,"height":536},{"@type":"BreadcrumbList","@id":"https:\/\/novafm903.com.br\/adm\/prefeitura-de-itabela-confirma-primeiras-atracoes-do-arraia-bela-para-os-36-anos-da-cidade\/#breadcrumb","itemListElement":[{"@type":"ListItem","position":1,"name":"In\u00edcio","item":"https:\/\/novafm903.com.br\/adm\/"},{"@type":"ListItem","position":2,"name":"Prefeitura de Itabela confirma primeiras atra\u00e7\u00f5es do Arrai\u00e1 Bela para os 36 anos da cidade"}]},{"@type":"WebSite","@id":"https:\/\/novafm903.com.br\/adm\/#website","url":"https:\/\/novafm903.com.br\/adm\/","name":"R\u00e1dio Nova FM Eun\u00e1polis - 90.3 Mhz","description":"Sua nova r\u00e1dio!","publisher":{"@id":"https:\/\/novafm903.com.br\/adm\/#organization"},"potentialAction":[{"@type":"SearchAction","target":{"@type":"EntryPoint","urlTemplate":"https:\/\/novafm903.com.br\/adm\/?s={search_term_string}"},"query-input":{"@type":"PropertyValueSpecification","valueRequired":true,"valueName":"search_term_string"}}],"inLanguage":"pt-BR"},{"@type":"Organization","@id":"https:\/\/novafm903.com.br\/adm\/#organization","name":"R\u00e1dio Nova FM Eun\u00e1polis - 90.3 Mhz","url":"https:\/\/novafm903.com.br\/adm\/","logo":{"@type":"ImageObject","inLanguage":"pt-BR","@id":"https:\/\/novafm903.com.br\/adm\/#\/schema\/logo\/image\/","url":"https:\/\/novafm903.com.br\/adm\/wp-content\/uploads\/2024\/07\/logo_novafm2.png","contentUrl":"https:\/\/novafm903.com.br\/adm\/wp-content\/uploads\/2024\/07\/logo_novafm2.png","width":512,"height":380,"caption":"R\u00e1dio Nova FM Eun\u00e1polis - 90.3 Mhz"},"image":{"@id":"https:\/\/novafm903.com.br\/adm\/#\/schema\/logo\/image\/"},"sameAs":["https:\/\/www.instagram.com\/novafm90.3"]},{"@type":"Person","@id":"https:\/\/novafm903.com.br\/adm\/#\/schema\/person\/0db5c2389cb08014069072d0f5789b3a","name":"Nova FM Eun\u00e1polis","image":{"@type":"ImageObject","inLanguage":"pt-BR","@id":"https:\/\/novafm903.com.br\/adm\/#\/schema\/person\/image\/","url":"https:\/\/secure.gravatar.com\/avatar\/431cb21b612fb6d26e76c2e4d9a3b41703e84a20132b28d1fd61decca6d8332e?s=96&d=mm&r=g","contentUrl":"https:\/\/secure.gravatar.com\/avatar\/431cb21b612fb6d26e76c2e4d9a3b41703e84a20132b28d1fd61decca6d8332e?s=96&d=mm&r=g","caption":"Nova FM Eun\u00e1polis"},"sameAs":["https:\/\/novafm903.com.br"],"url":"https:\/\/novafm903.com.br\/adm\/author\/radionova_fm\/"}]}},"_links":{"self":[{"href":"https:\/\/novafm903.com.br\/adm\/wp-json\/wp\/v2\/posts\/14293","targetHints":{"allow":["GET"]}}],"collection":[{"href":"https:\/\/novafm903.com.br\/adm\/wp-json\/wp\/v2\/posts"}],"about":[{"href":"https:\/\/novafm903.com.br\/adm\/wp-json\/wp\/v2\/types\/post"}],"author":[{"embeddable":true,"href":"https:\/\/novafm903.com.br\/adm\/wp-json\/wp\/v2\/users\/4"}],"replies":[{"embeddable":true,"href":"https:\/\/novafm903.com.br\/adm\/wp-json\/wp\/v2\/comments?post=14293"}],"version-history":[{"count":2,"href":"https:\/\/novafm903.com.br\/adm\/wp-json\/wp\/v2\/posts\/14293\/revisions"}],"predecessor-version":[{"id":14464,"href":"https:\/\/novafm903.com.br\/adm\/wp-json\/wp\/v2\/posts\/14293\/revisions\/14464"}],"wp:featuredmedia":[{"embeddable":true,"href":"https:\/\/novafm903.com.br\/adm\/wp-json\/wp\/v2\/media\/14294"}],"wp:attachment":[{"href":"https:\/\/novafm903.com.br\/adm\/wp-json\/wp\/v2\/media?parent=14293"}],"wp:term":[{"taxonomy":"category","embeddable":true,"href":"https:\/\/novafm903.com.br\/adm\/wp-json\/wp\/v2\/categories?post=14293"},{"taxonomy":"post_tag","embeddable":true,"href":"https:\/\/novafm903.com.br\/adm\/wp-json\/wp\/v2\/tags?post=14293"}],"curies":[{"name":"wp","href":"https:\/\/api.w.org\/{rel}","templated":true}]}}