{"id":14375,"date":"2025-06-04T11:30:27","date_gmt":"2025-06-04T14:30:27","guid":{"rendered":"https:\/\/novafm903.com.br\/adm\/?p=14375"},"modified":"2025-06-04T11:30:27","modified_gmt":"2025-06-04T14:30:27","slug":"de-olho-em-2026-acm-neto-cria-espaco-na-sede-do-uniao-brasil-e-reforca-agenda-para-atendimentos-politicos","status":"publish","type":"post","link":"https:\/\/novafm903.com.br\/adm\/de-olho-em-2026-acm-neto-cria-espaco-na-sede-do-uniao-brasil-e-reforca-agenda-para-atendimentos-politicos\/","title":{"rendered":"De olho em 2026, ACM Neto &#8220;cria&#8221; espa\u00e7o na sede do Uni\u00e3o Brasil e refor\u00e7a agenda para atendimentos pol\u00edticos"},"content":{"rendered":"<p>A partir da pr\u00f3xima segunda-feira (9), o diret\u00f3rio estadual do Uni\u00e3o Brasil na Bahia vai contar com uma nova estrutura localizada no mesmo edif\u00edcio da atual sede, na Avenida Anita Garibaldi, em Salvador. O espa\u00e7o foi concebido para receber lideran\u00e7as pol\u00edticas de todo o estado em encontros com o vice-presidente nacional da legenda, ACM Neto.<\/p>\n<p>De acordo com informa\u00e7\u00f5es apuradas pelo Bahia Not\u00edcias, as segundas-feiras ser\u00e3o dedicadas exclusivamente a reuni\u00f5es com Neto, que manter\u00e1 a agenda aberta para atender prefeitos, vereadores e outras lideran\u00e7as municipais. O objetivo \u00e9 intensificar o di\u00e1logo interno e ampliar a articula\u00e7\u00e3o pol\u00edtica visando as elei\u00e7\u00f5es de 2026.<\/p>\n<p>Parlamentares presentes conversaram com a reportagem do Bahia Not\u00edcias e relataram estarem satisfeitos com o conte\u00fado discutido na reuni\u00e3o. Segundo um dos deputados, ACM Neto apresentou um panorama detalhado do cen\u00e1rio pol\u00edtico em cada munic\u00edpio baiano, apontando as perspectivas e desafios espec\u00edficos de cada regi\u00e3o.<\/p>\n<p>Com a nova estrutura e a retomada das articula\u00e7\u00f5es, o Uni\u00e3o Brasil busca consolidar sua base no estado e preparar o terreno para as elei\u00e7\u00f5es de 2026, nas quais ACM Neto \u00e9 apontado como candidato ao governo da Bahia, em oposi\u00e7\u00e3o ao atual governador Jer\u00f4nimo Rodrigues (PT).<\/p>\n<p>Por: Bahia Not\u00edcias<\/p>\n","protected":false},"excerpt":{"rendered":"<p>A partir da pr\u00f3xima segunda-feira (9), o diret\u00f3rio estadual do Uni\u00e3o Brasil na Bahia vai contar com uma nova estrutura localizada no mesmo edif\u00edcio da atual sede, na Avenida Anita Garibaldi, em Salvador. O espa\u00e7o foi concebido para receber lideran\u00e7as pol\u00edticas de todo o estado em encontros com o vice-presidente nacional da legenda, ACM Neto. [&hellip;]<\/p>\n","protected":false},"author":4,"featured_media":14376,"comment_status":"closed","ping_status":"closed","sticky":true,"template":"","format":"standard","meta":{"_monsterinsights_skip_tracking":false,"_monsterinsights_sitenote_active":false,"_monsterinsights_sitenote_note":"","_monsterinsights_sitenote_category":0,"_joinchat":[],"footnotes":""},"categories":[4,25],"tags":[],"class_list":["post-14375","post","type-post","status-publish","format-standard","has-post-thumbnail","hentry","category-noticias","category-politica"],"yoast_head":"<!-- This site is optimized with the Yoast SEO plugin v25.4 - https:\/\/yoast.com\/wordpress\/plugins\/seo\/ -->\n<title>De olho em 2026, ACM Neto &quot;cria&quot; espa\u00e7o na sede do Uni\u00e3o Brasil e refor\u00e7a agenda para atendimentos pol\u00edticos - R\u00e1dio Nova FM Eun\u00e1polis - 90.3 Mhz<\/title>\n<meta name=\"robots\" content=\"index, follow, max-snippet:-1, max-image-preview:large, max-video-preview:-1\" \/>\n<link rel=\"canonical\" href=\"https:\/\/novafm903.com.br\/adm\/de-olho-em-2026-acm-neto-cria-espaco-na-sede-do-uniao-brasil-e-reforca-agenda-para-atendimentos-politicos\/\" \/>\n<meta property=\"og:locale\" content=\"pt_BR\" \/>\n<meta property=\"og:type\" content=\"article\" \/>\n<meta property=\"og:title\" content=\"De olho em 2026, ACM Neto &quot;cria&quot; espa\u00e7o na sede do Uni\u00e3o Brasil e refor\u00e7a agenda para atendimentos pol\u00edticos - R\u00e1dio Nova FM Eun\u00e1polis - 90.3 Mhz\" \/>\n<meta property=\"og:description\" content=\"A partir da pr\u00f3xima segunda-feira (9), o diret\u00f3rio estadual do Uni\u00e3o Brasil na Bahia vai contar com uma nova estrutura localizada no mesmo edif\u00edcio da atual sede, na Avenida Anita Garibaldi, em Salvador. O espa\u00e7o foi concebido para receber lideran\u00e7as pol\u00edticas de todo o estado em encontros com o vice-presidente nacional da legenda, ACM Neto. [&hellip;]\" \/>\n<meta property=\"og:url\" content=\"https:\/\/novafm903.com.br\/adm\/de-olho-em-2026-acm-neto-cria-espaco-na-sede-do-uniao-brasil-e-reforca-agenda-para-atendimentos-politicos\/\" \/>\n<meta property=\"og:site_name\" content=\"R\u00e1dio Nova FM Eun\u00e1polis - 90.3 Mhz\" \/>\n<meta property=\"article:publisher\" content=\"https:\/\/www.instagram.com\/novafm90.3\" \/>\n<meta property=\"article:published_time\" content=\"2025-06-04T14:30:27+00:00\" \/>\n<meta property=\"og:image\" content=\"https:\/\/novafm903.com.br\/adm\/wp-content\/uploads\/2025\/06\/IMAGEM_NOTICIA_9-21.webp\" \/>\n\t<meta property=\"og:image:width\" content=\"1200\" \/>\n\t<meta property=\"og:image:height\" content=\"630\" \/>\n\t<meta property=\"og:image:type\" content=\"image\/webp\" \/>\n<meta name=\"author\" content=\"Nova FM Eun\u00e1polis\" \/>\n<meta name=\"twitter:card\" content=\"summary_large_image\" \/>\n<meta name=\"twitter:label1\" content=\"Escrito por\" \/>\n\t<meta name=\"twitter:data1\" content=\"Nova FM Eun\u00e1polis\" \/>\n\t<meta name=\"twitter:label2\" content=\"Est. tempo de leitura\" \/>\n\t<meta name=\"twitter:data2\" content=\"1 minuto\" \/>\n<script type=\"application\/ld+json\" class=\"yoast-schema-graph\">{\"@context\":\"https:\/\/schema.org\",\"@graph\":[{\"@type\":\"Article\",\"@id\":\"https:\/\/novafm903.com.br\/adm\/de-olho-em-2026-acm-neto-cria-espaco-na-sede-do-uniao-brasil-e-reforca-agenda-para-atendimentos-politicos\/#article\",\"isPartOf\":{\"@id\":\"https:\/\/novafm903.com.br\/adm\/de-olho-em-2026-acm-neto-cria-espaco-na-sede-do-uniao-brasil-e-reforca-agenda-para-atendimentos-politicos\/\"},\"author\":{\"name\":\"Nova FM Eun\u00e1polis\",\"@id\":\"https:\/\/novafm903.com.br\/adm\/#\/schema\/person\/0db5c2389cb08014069072d0f5789b3a\"},\"headline\":\"De olho em 2026, ACM Neto &#8220;cria&#8221; espa\u00e7o na sede do Uni\u00e3o Brasil e refor\u00e7a agenda para atendimentos pol\u00edticos\",\"datePublished\":\"2025-06-04T14:30:27+00:00\",\"mainEntityOfPage\":{\"@id\":\"https:\/\/novafm903.com.br\/adm\/de-olho-em-2026-acm-neto-cria-espaco-na-sede-do-uniao-brasil-e-reforca-agenda-para-atendimentos-politicos\/\"},\"wordCount\":244,\"publisher\":{\"@id\":\"https:\/\/novafm903.com.br\/adm\/#organization\"},\"image\":{\"@id\":\"https:\/\/novafm903.com.br\/adm\/de-olho-em-2026-acm-neto-cria-espaco-na-sede-do-uniao-brasil-e-reforca-agenda-para-atendimentos-politicos\/#primaryimage\"},\"thumbnailUrl\":\"https:\/\/novafm903.com.br\/adm\/wp-content\/uploads\/2025\/06\/IMAGEM_NOTICIA_9-21.webp\",\"articleSection\":[\"Not\u00edcias\",\"Pol\u00edtica\"],\"inLanguage\":\"pt-BR\"},{\"@type\":\"WebPage\",\"@id\":\"https:\/\/novafm903.com.br\/adm\/de-olho-em-2026-acm-neto-cria-espaco-na-sede-do-uniao-brasil-e-reforca-agenda-para-atendimentos-politicos\/\",\"url\":\"https:\/\/novafm903.com.br\/adm\/de-olho-em-2026-acm-neto-cria-espaco-na-sede-do-uniao-brasil-e-reforca-agenda-para-atendimentos-politicos\/\",\"name\":\"De olho em 2026, ACM Neto \\\"cria\\\" espa\u00e7o na sede do Uni\u00e3o Brasil e refor\u00e7a agenda para atendimentos pol\u00edticos - R\u00e1dio Nova FM Eun\u00e1polis - 90.3 Mhz\",\"isPartOf\":{\"@id\":\"https:\/\/novafm903.com.br\/adm\/#website\"},\"primaryImageOfPage\":{\"@id\":\"https:\/\/novafm903.com.br\/adm\/de-olho-em-2026-acm-neto-cria-espaco-na-sede-do-uniao-brasil-e-reforca-agenda-para-atendimentos-politicos\/#primaryimage\"},\"image\":{\"@id\":\"https:\/\/novafm903.com.br\/adm\/de-olho-em-2026-acm-neto-cria-espaco-na-sede-do-uniao-brasil-e-reforca-agenda-para-atendimentos-politicos\/#primaryimage\"},\"thumbnailUrl\":\"https:\/\/novafm903.com.br\/adm\/wp-content\/uploads\/2025\/06\/IMAGEM_NOTICIA_9-21.webp\",\"datePublished\":\"2025-06-04T14:30:27+00:00\",\"breadcrumb\":{\"@id\":\"https:\/\/novafm903.com.br\/adm\/de-olho-em-2026-acm-neto-cria-espaco-na-sede-do-uniao-brasil-e-reforca-agenda-para-atendimentos-politicos\/#breadcrumb\"},\"inLanguage\":\"pt-BR\",\"potentialAction\":[{\"@type\":\"ReadAction\",\"target\":[\"https:\/\/novafm903.com.br\/adm\/de-olho-em-2026-acm-neto-cria-espaco-na-sede-do-uniao-brasil-e-reforca-agenda-para-atendimentos-politicos\/\"]}]},{\"@type\":\"ImageObject\",\"inLanguage\":\"pt-BR\",\"@id\":\"https:\/\/novafm903.com.br\/adm\/de-olho-em-2026-acm-neto-cria-espaco-na-sede-do-uniao-brasil-e-reforca-agenda-para-atendimentos-politicos\/#primaryimage\",\"url\":\"https:\/\/novafm903.com.br\/adm\/wp-content\/uploads\/2025\/06\/IMAGEM_NOTICIA_9-21.webp\",\"contentUrl\":\"https:\/\/novafm903.com.br\/adm\/wp-content\/uploads\/2025\/06\/IMAGEM_NOTICIA_9-21.webp\",\"width\":1200,\"height\":630},{\"@type\":\"BreadcrumbList\",\"@id\":\"https:\/\/novafm903.com.br\/adm\/de-olho-em-2026-acm-neto-cria-espaco-na-sede-do-uniao-brasil-e-reforca-agenda-para-atendimentos-politicos\/#breadcrumb\",\"itemListElement\":[{\"@type\":\"ListItem\",\"position\":1,\"name\":\"In\u00edcio\",\"item\":\"https:\/\/novafm903.com.br\/adm\/\"},{\"@type\":\"ListItem\",\"position\":2,\"name\":\"De olho em 2026, ACM Neto &#8220;cria&#8221; espa\u00e7o na sede do Uni\u00e3o Brasil e refor\u00e7a agenda para atendimentos pol\u00edticos\"}]},{\"@type\":\"WebSite\",\"@id\":\"https:\/\/novafm903.com.br\/adm\/#website\",\"url\":\"https:\/\/novafm903.com.br\/adm\/\",\"name\":\"R\u00e1dio Nova FM Eun\u00e1polis - 90.3 Mhz\",\"description\":\"Sua nova r\u00e1dio!\",\"publisher\":{\"@id\":\"https:\/\/novafm903.com.br\/adm\/#organization\"},\"potentialAction\":[{\"@type\":\"SearchAction\",\"target\":{\"@type\":\"EntryPoint\",\"urlTemplate\":\"https:\/\/novafm903.com.br\/adm\/?s={search_term_string}\"},\"query-input\":{\"@type\":\"PropertyValueSpecification\",\"valueRequired\":true,\"valueName\":\"search_term_string\"}}],\"inLanguage\":\"pt-BR\"},{\"@type\":\"Organization\",\"@id\":\"https:\/\/novafm903.com.br\/adm\/#organization\",\"name\":\"R\u00e1dio Nova FM Eun\u00e1polis - 90.3 Mhz\",\"url\":\"https:\/\/novafm903.com.br\/adm\/\",\"logo\":{\"@type\":\"ImageObject\",\"inLanguage\":\"pt-BR\",\"@id\":\"https:\/\/novafm903.com.br\/adm\/#\/schema\/logo\/image\/\",\"url\":\"https:\/\/novafm903.com.br\/adm\/wp-content\/uploads\/2024\/07\/logo_novafm2.png\",\"contentUrl\":\"https:\/\/novafm903.com.br\/adm\/wp-content\/uploads\/2024\/07\/logo_novafm2.png\",\"width\":512,\"height\":380,\"caption\":\"R\u00e1dio Nova FM Eun\u00e1polis - 90.3 Mhz\"},\"image\":{\"@id\":\"https:\/\/novafm903.com.br\/adm\/#\/schema\/logo\/image\/\"},\"sameAs\":[\"https:\/\/www.instagram.com\/novafm90.3\"]},{\"@type\":\"Person\",\"@id\":\"https:\/\/novafm903.com.br\/adm\/#\/schema\/person\/0db5c2389cb08014069072d0f5789b3a\",\"name\":\"Nova FM Eun\u00e1polis\",\"image\":{\"@type\":\"ImageObject\",\"inLanguage\":\"pt-BR\",\"@id\":\"https:\/\/novafm903.com.br\/adm\/#\/schema\/person\/image\/\",\"url\":\"https:\/\/secure.gravatar.com\/avatar\/431cb21b612fb6d26e76c2e4d9a3b41703e84a20132b28d1fd61decca6d8332e?s=96&d=mm&r=g\",\"contentUrl\":\"https:\/\/secure.gravatar.com\/avatar\/431cb21b612fb6d26e76c2e4d9a3b41703e84a20132b28d1fd61decca6d8332e?s=96&d=mm&r=g\",\"caption\":\"Nova FM Eun\u00e1polis\"},\"sameAs\":[\"https:\/\/novafm903.com.br\"],\"url\":\"https:\/\/novafm903.com.br\/adm\/author\/radionova_fm\/\"}]}<\/script>\n<!-- \/ Yoast SEO plugin. -->","yoast_head_json":{"title":"De olho em 2026, ACM Neto \"cria\" espa\u00e7o na sede do Uni\u00e3o Brasil e refor\u00e7a agenda para atendimentos pol\u00edticos - R\u00e1dio Nova FM Eun\u00e1polis - 90.3 Mhz","robots":{"index":"index","follow":"follow","max-snippet":"max-snippet:-1","max-image-preview":"max-image-preview:large","max-video-preview":"max-video-preview:-1"},"canonical":"https:\/\/novafm903.com.br\/adm\/de-olho-em-2026-acm-neto-cria-espaco-na-sede-do-uniao-brasil-e-reforca-agenda-para-atendimentos-politicos\/","og_locale":"pt_BR","og_type":"article","og_title":"De olho em 2026, ACM Neto \"cria\" espa\u00e7o na sede do Uni\u00e3o Brasil e refor\u00e7a agenda para atendimentos pol\u00edticos - R\u00e1dio Nova FM Eun\u00e1polis - 90.3 Mhz","og_description":"A partir da pr\u00f3xima segunda-feira (9), o diret\u00f3rio estadual do Uni\u00e3o Brasil na Bahia vai contar com uma nova estrutura localizada no mesmo edif\u00edcio da atual sede, na Avenida Anita Garibaldi, em Salvador. O espa\u00e7o foi concebido para receber lideran\u00e7as pol\u00edticas de todo o estado em encontros com o vice-presidente nacional da legenda, ACM Neto. [&hellip;]","og_url":"https:\/\/novafm903.com.br\/adm\/de-olho-em-2026-acm-neto-cria-espaco-na-sede-do-uniao-brasil-e-reforca-agenda-para-atendimentos-politicos\/","og_site_name":"R\u00e1dio Nova FM Eun\u00e1polis - 90.3 Mhz","article_publisher":"https:\/\/www.instagram.com\/novafm90.3","article_published_time":"2025-06-04T14:30:27+00:00","og_image":[{"width":1200,"height":630,"url":"https:\/\/novafm903.com.br\/adm\/wp-content\/uploads\/2025\/06\/IMAGEM_NOTICIA_9-21.webp","type":"image\/webp"}],"author":"Nova FM Eun\u00e1polis","twitter_card":"summary_large_image","twitter_misc":{"Escrito por":"Nova FM Eun\u00e1polis","Est. tempo de leitura":"1 minuto"},"schema":{"@context":"https:\/\/schema.org","@graph":[{"@type":"Article","@id":"https:\/\/novafm903.com.br\/adm\/de-olho-em-2026-acm-neto-cria-espaco-na-sede-do-uniao-brasil-e-reforca-agenda-para-atendimentos-politicos\/#article","isPartOf":{"@id":"https:\/\/novafm903.com.br\/adm\/de-olho-em-2026-acm-neto-cria-espaco-na-sede-do-uniao-brasil-e-reforca-agenda-para-atendimentos-politicos\/"},"author":{"name":"Nova FM Eun\u00e1polis","@id":"https:\/\/novafm903.com.br\/adm\/#\/schema\/person\/0db5c2389cb08014069072d0f5789b3a"},"headline":"De olho em 2026, ACM Neto &#8220;cria&#8221; espa\u00e7o na sede do Uni\u00e3o Brasil e refor\u00e7a agenda para atendimentos pol\u00edticos","datePublished":"2025-06-04T14:30:27+00:00","mainEntityOfPage":{"@id":"https:\/\/novafm903.com.br\/adm\/de-olho-em-2026-acm-neto-cria-espaco-na-sede-do-uniao-brasil-e-reforca-agenda-para-atendimentos-politicos\/"},"wordCount":244,"publisher":{"@id":"https:\/\/novafm903.com.br\/adm\/#organization"},"image":{"@id":"https:\/\/novafm903.com.br\/adm\/de-olho-em-2026-acm-neto-cria-espaco-na-sede-do-uniao-brasil-e-reforca-agenda-para-atendimentos-politicos\/#primaryimage"},"thumbnailUrl":"https:\/\/novafm903.com.br\/adm\/wp-content\/uploads\/2025\/06\/IMAGEM_NOTICIA_9-21.webp","articleSection":["Not\u00edcias","Pol\u00edtica"],"inLanguage":"pt-BR"},{"@type":"WebPage","@id":"https:\/\/novafm903.com.br\/adm\/de-olho-em-2026-acm-neto-cria-espaco-na-sede-do-uniao-brasil-e-reforca-agenda-para-atendimentos-politicos\/","url":"https:\/\/novafm903.com.br\/adm\/de-olho-em-2026-acm-neto-cria-espaco-na-sede-do-uniao-brasil-e-reforca-agenda-para-atendimentos-politicos\/","name":"De olho em 2026, ACM Neto \"cria\" espa\u00e7o na sede do Uni\u00e3o Brasil e refor\u00e7a agenda para atendimentos pol\u00edticos - R\u00e1dio Nova FM Eun\u00e1polis - 90.3 Mhz","isPartOf":{"@id":"https:\/\/novafm903.com.br\/adm\/#website"},"primaryImageOfPage":{"@id":"https:\/\/novafm903.com.br\/adm\/de-olho-em-2026-acm-neto-cria-espaco-na-sede-do-uniao-brasil-e-reforca-agenda-para-atendimentos-politicos\/#primaryimage"},"image":{"@id":"https:\/\/novafm903.com.br\/adm\/de-olho-em-2026-acm-neto-cria-espaco-na-sede-do-uniao-brasil-e-reforca-agenda-para-atendimentos-politicos\/#primaryimage"},"thumbnailUrl":"https:\/\/novafm903.com.br\/adm\/wp-content\/uploads\/2025\/06\/IMAGEM_NOTICIA_9-21.webp","datePublished":"2025-06-04T14:30:27+00:00","breadcrumb":{"@id":"https:\/\/novafm903.com.br\/adm\/de-olho-em-2026-acm-neto-cria-espaco-na-sede-do-uniao-brasil-e-reforca-agenda-para-atendimentos-politicos\/#breadcrumb"},"inLanguage":"pt-BR","potentialAction":[{"@type":"ReadAction","target":["https:\/\/novafm903.com.br\/adm\/de-olho-em-2026-acm-neto-cria-espaco-na-sede-do-uniao-brasil-e-reforca-agenda-para-atendimentos-politicos\/"]}]},{"@type":"ImageObject","inLanguage":"pt-BR","@id":"https:\/\/novafm903.com.br\/adm\/de-olho-em-2026-acm-neto-cria-espaco-na-sede-do-uniao-brasil-e-reforca-agenda-para-atendimentos-politicos\/#primaryimage","url":"https:\/\/novafm903.com.br\/adm\/wp-content\/uploads\/2025\/06\/IMAGEM_NOTICIA_9-21.webp","contentUrl":"https:\/\/novafm903.com.br\/adm\/wp-content\/uploads\/2025\/06\/IMAGEM_NOTICIA_9-21.webp","width":1200,"height":630},{"@type":"BreadcrumbList","@id":"https:\/\/novafm903.com.br\/adm\/de-olho-em-2026-acm-neto-cria-espaco-na-sede-do-uniao-brasil-e-reforca-agenda-para-atendimentos-politicos\/#breadcrumb","itemListElement":[{"@type":"ListItem","position":1,"name":"In\u00edcio","item":"https:\/\/novafm903.com.br\/adm\/"},{"@type":"ListItem","position":2,"name":"De olho em 2026, ACM Neto &#8220;cria&#8221; espa\u00e7o na sede do Uni\u00e3o Brasil e refor\u00e7a agenda para atendimentos pol\u00edticos"}]},{"@type":"WebSite","@id":"https:\/\/novafm903.com.br\/adm\/#website","url":"https:\/\/novafm903.com.br\/adm\/","name":"R\u00e1dio Nova FM Eun\u00e1polis - 90.3 Mhz","description":"Sua nova r\u00e1dio!","publisher":{"@id":"https:\/\/novafm903.com.br\/adm\/#organization"},"potentialAction":[{"@type":"SearchAction","target":{"@type":"EntryPoint","urlTemplate":"https:\/\/novafm903.com.br\/adm\/?s={search_term_string}"},"query-input":{"@type":"PropertyValueSpecification","valueRequired":true,"valueName":"search_term_string"}}],"inLanguage":"pt-BR"},{"@type":"Organization","@id":"https:\/\/novafm903.com.br\/adm\/#organization","name":"R\u00e1dio Nova FM Eun\u00e1polis - 90.3 Mhz","url":"https:\/\/novafm903.com.br\/adm\/","logo":{"@type":"ImageObject","inLanguage":"pt-BR","@id":"https:\/\/novafm903.com.br\/adm\/#\/schema\/logo\/image\/","url":"https:\/\/novafm903.com.br\/adm\/wp-content\/uploads\/2024\/07\/logo_novafm2.png","contentUrl":"https:\/\/novafm903.com.br\/adm\/wp-content\/uploads\/2024\/07\/logo_novafm2.png","width":512,"height":380,"caption":"R\u00e1dio Nova FM Eun\u00e1polis - 90.3 Mhz"},"image":{"@id":"https:\/\/novafm903.com.br\/adm\/#\/schema\/logo\/image\/"},"sameAs":["https:\/\/www.instagram.com\/novafm90.3"]},{"@type":"Person","@id":"https:\/\/novafm903.com.br\/adm\/#\/schema\/person\/0db5c2389cb08014069072d0f5789b3a","name":"Nova FM Eun\u00e1polis","image":{"@type":"ImageObject","inLanguage":"pt-BR","@id":"https:\/\/novafm903.com.br\/adm\/#\/schema\/person\/image\/","url":"https:\/\/secure.gravatar.com\/avatar\/431cb21b612fb6d26e76c2e4d9a3b41703e84a20132b28d1fd61decca6d8332e?s=96&d=mm&r=g","contentUrl":"https:\/\/secure.gravatar.com\/avatar\/431cb21b612fb6d26e76c2e4d9a3b41703e84a20132b28d1fd61decca6d8332e?s=96&d=mm&r=g","caption":"Nova FM Eun\u00e1polis"},"sameAs":["https:\/\/novafm903.com.br"],"url":"https:\/\/novafm903.com.br\/adm\/author\/radionova_fm\/"}]}},"_links":{"self":[{"href":"https:\/\/novafm903.com.br\/adm\/wp-json\/wp\/v2\/posts\/14375","targetHints":{"allow":["GET"]}}],"collection":[{"href":"https:\/\/novafm903.com.br\/adm\/wp-json\/wp\/v2\/posts"}],"about":[{"href":"https:\/\/novafm903.com.br\/adm\/wp-json\/wp\/v2\/types\/post"}],"author":[{"embeddable":true,"href":"https:\/\/novafm903.com.br\/adm\/wp-json\/wp\/v2\/users\/4"}],"replies":[{"embeddable":true,"href":"https:\/\/novafm903.com.br\/adm\/wp-json\/wp\/v2\/comments?post=14375"}],"version-history":[{"count":1,"href":"https:\/\/novafm903.com.br\/adm\/wp-json\/wp\/v2\/posts\/14375\/revisions"}],"predecessor-version":[{"id":14377,"href":"https:\/\/novafm903.com.br\/adm\/wp-json\/wp\/v2\/posts\/14375\/revisions\/14377"}],"wp:featuredmedia":[{"embeddable":true,"href":"https:\/\/novafm903.com.br\/adm\/wp-json\/wp\/v2\/media\/14376"}],"wp:attachment":[{"href":"https:\/\/novafm903.com.br\/adm\/wp-json\/wp\/v2\/media?parent=14375"}],"wp:term":[{"taxonomy":"category","embeddable":true,"href":"https:\/\/novafm903.com.br\/adm\/wp-json\/wp\/v2\/categories?post=14375"},{"taxonomy":"post_tag","embeddable":true,"href":"https:\/\/novafm903.com.br\/adm\/wp-json\/wp\/v2\/tags?post=14375"}],"curies":[{"name":"wp","href":"https:\/\/api.w.org\/{rel}","templated":true}]}}