{"id":14606,"date":"2025-06-25T12:43:12","date_gmt":"2025-06-25T15:43:12","guid":{"rendered":"https:\/\/novafm903.com.br\/adm\/?p=14606"},"modified":"2025-06-25T12:43:29","modified_gmt":"2025-06-25T15:43:29","slug":"encerramento-do-sao-joao-2025-em-porto-seguro-tem-noite-inesquecivel-com-amado-batista-e-celebracao-da-cultura-em-todos-os-cantos-do-municipio","status":"publish","type":"post","link":"https:\/\/novafm903.com.br\/adm\/encerramento-do-sao-joao-2025-em-porto-seguro-tem-noite-inesquecivel-com-amado-batista-e-celebracao-da-cultura-em-todos-os-cantos-do-municipio\/","title":{"rendered":"Encerramento do S\u00e3o Jo\u00e3o 2025 em Porto Seguro tem noite inesquec\u00edvel com Amado Batista e celebra\u00e7\u00e3o da cultura em todos os cantos do munic\u00edpio"},"content":{"rendered":"<p>Porto Seguro encerrou oficialmente, nesta segunda-feira (23\/06), a sua grade de atra\u00e7\u00f5es do S\u00e3o Jo\u00e3o 2025 com uma apresenta\u00e7\u00e3o impec\u00e1vel e emocionante do \u00eddolo da m\u00fasica rom\u00e2ntica brasileira, Amado Batista. O show, realizado na Passarela da Cultura, reuniu uma multid\u00e3o de forrozeiros e f\u00e3s que lotaram o circuito oficial para viver uma noite de pura emo\u00e7\u00e3o e celebra\u00e7\u00e3o.<\/p>\n<p>A programa\u00e7\u00e3o da \u00faltima noite come\u00e7ou em clima de tradi\u00e7\u00e3o e alegria com as quadrilhas juninas N&amp;M Ritmos e Bal\u00e3o de Ouro, que encantaram o p\u00fablico com um espet\u00e1culo de cores, passos sincronizados e muita energia. Logo depois, os artistas Gero Lima, Sandro L\u00facio e J\u00falio Nascimento esquentaram o p\u00fablico com sucessos que misturaram forr\u00f3, romantismo e m\u00fasica popular nordestina.<\/p>\n<p>O \u00e1pice da noite foi a aguardada apresenta\u00e7\u00e3o de Amado Batista. Em um show repleto de cl\u00e1ssicos que marcaram gera\u00e7\u00f5es, o cantor emocionou os presentes com sucessos como \u201cMeu Ex-Amor\u201d, \u201cSecret\u00e1ria\u201d e \u201cPrincesa\u201d. A plateia, emocionada, cantou junto, criando um clima de nostalgia e amor que tomou conta da Passarela da Cultura.<\/p>\n<p>Al\u00e9m das atra\u00e7\u00f5es musicais, a infraestrutura do evento foi um destaque \u00e0 parte. Seguran\u00e7a refor\u00e7ada, camarote da inclus\u00e3o, internet gratuita, barracas com comidas t\u00edpicas e servi\u00e7os sociais garantiram conforto e acessibilidade ao p\u00fablico. Um dos destaques foi a continuidade do projeto S\u00e3o Jo\u00e3o Recicla, que, em sua 3\u00aa edi\u00e7\u00e3o, promoveu a\u00e7\u00f5es de educa\u00e7\u00e3o ambiental e descarte seletivo de res\u00edduos, com o apoio da Secretaria Municipal de Meio Ambiente e Causa Animal.<\/p>\n<p>O prefeito J\u00e2nio Natal comemorou o sucesso do evento. \u201cPorto Seguro trabalha o turismo com foco nas fam\u00edlias, e \u00e9 por isso que estou muito feliz com o sucesso do S\u00e3o Jo\u00e3o B\u00e3o Demais 2025. Foi uma festa linda, organizada com muito carinho. Mais uma vez, a grande atra\u00e7\u00e3o da nossa festa \u00e9 voc\u00ea, forrozeiro, que vem com o \u00fanico objetivo de se divertir\u201d, destacou o prefeito.<\/p>\n<p><strong>Festa forte nos bairros e distritos<\/strong><\/p>\n<p>O S\u00e3o Jo\u00e3o de Porto Seguro n\u00e3o ficou restrito \u00e0 Passarela da Cultura. Em v\u00e1rios bairros e distritos, a for\u00e7a da cultura junina se fez presente. Em Arraial d\u2019Ajuda, o p\u00fablico dan\u00e7ou ao som das cantoras Thais Bahia e Karine Ramos, que misturaram forr\u00f3 e sertanejo, levantando o p\u00fablico. Em Trancoso, a festa teve a voz de Edinho Cara\u00edva, com repert\u00f3rio de forr\u00f3 de raiz e a tradicional apresenta\u00e7\u00e3o de quadrilhas locais, mantendo viva a cultura popular. J\u00e1 em Cara\u00edva, o forr\u00f3 p\u00e9-de-serra ficou por conta de Os Tr\u00eas da Vila, embalando moradores e turistas \u00e0 beira do rio.<\/p>\n<p>E a festa ainda n\u00e3o terminou! At\u00e9 o pr\u00f3ximo dia 29 de junho, localidades como Barra Velha, Xand\u00f3, Tarifa dos Pescadores, Baian\u00e3o e a pr\u00f3pria Cara\u00edva continuar\u00e3o com uma programa\u00e7\u00e3o especial, levando o clima junino a todos os cantos de Porto Seguro.<\/p>\n<p>Com um S\u00e3o Jo\u00e3o que mistura tradi\u00e7\u00e3o, emo\u00e7\u00e3o e organiza\u00e7\u00e3o, Porto Seguro mais uma vez consolida seu espa\u00e7o como um dos principais destinos para quem quer viver o melhor das festas juninas na Bahia.<\/p>\n<div id='gallery-1' class='gallery galleryid-14606 gallery-columns-5 gallery-size-thumbnail'><figure class='gallery-item'>\n\t\t\t<div class='gallery-icon landscape'>\n\t\t\t\t<a href='https:\/\/novafm903.com.br\/adm\/encerramento-do-sao-joao-2025-em-porto-seguro-tem-noite-inesquecivel-com-amado-batista-e-celebracao-da-cultura-em-todos-os-cantos-do-municipio\/joao-porto-7\/'><img decoding=\"async\" width=\"150\" height=\"150\" src=\"https:\/\/novafm903.com.br\/adm\/wp-content\/uploads\/2025\/06\/joao-porto-7-150x150.jpg\" class=\"attachment-thumbnail size-thumbnail\" alt=\"\" \/><\/a>\n\t\t\t<\/div><\/figure><figure class='gallery-item'>\n\t\t\t<div class='gallery-icon landscape'>\n\t\t\t\t<a href='https:\/\/novafm903.com.br\/adm\/encerramento-do-sao-joao-2025-em-porto-seguro-tem-noite-inesquecivel-com-amado-batista-e-celebracao-da-cultura-em-todos-os-cantos-do-municipio\/whatsapp-image-2025-06-24-at-16-15-44-1\/'><img decoding=\"async\" width=\"150\" height=\"150\" src=\"https:\/\/novafm903.com.br\/adm\/wp-content\/uploads\/2025\/06\/WhatsApp-Image-2025-06-24-at-16.15.44-1-150x150.jpeg\" class=\"attachment-thumbnail size-thumbnail\" alt=\"\" \/><\/a>\n\t\t\t<\/div><\/figure><figure class='gallery-item'>\n\t\t\t<div class='gallery-icon landscape'>\n\t\t\t\t<a href='https:\/\/novafm903.com.br\/adm\/encerramento-do-sao-joao-2025-em-porto-seguro-tem-noite-inesquecivel-com-amado-batista-e-celebracao-da-cultura-em-todos-os-cantos-do-municipio\/joao-porto-4-768x627\/'><img decoding=\"async\" width=\"150\" height=\"150\" src=\"https:\/\/novafm903.com.br\/adm\/wp-content\/uploads\/2025\/06\/joao-porto-4-768x627-1-150x150.jpg\" class=\"attachment-thumbnail size-thumbnail\" alt=\"\" \/><\/a>\n\t\t\t<\/div><\/figure><figure class='gallery-item'>\n\t\t\t<div class='gallery-icon landscape'>\n\t\t\t\t<a href='https:\/\/novafm903.com.br\/adm\/encerramento-do-sao-joao-2025-em-porto-seguro-tem-noite-inesquecivel-com-amado-batista-e-celebracao-da-cultura-em-todos-os-cantos-do-municipio\/whatsapp-image-2025-06-24-at-16-15-42-1\/'><img loading=\"lazy\" decoding=\"async\" width=\"150\" height=\"150\" src=\"https:\/\/novafm903.com.br\/adm\/wp-content\/uploads\/2025\/06\/WhatsApp-Image-2025-06-24-at-16.15.42-1-150x150.jpeg\" class=\"attachment-thumbnail size-thumbnail\" alt=\"\" \/><\/a>\n\t\t\t<\/div><\/figure><figure class='gallery-item'>\n\t\t\t<div class='gallery-icon landscape'>\n\t\t\t\t<a href='https:\/\/novafm903.com.br\/adm\/encerramento-do-sao-joao-2025-em-porto-seguro-tem-noite-inesquecivel-com-amado-batista-e-celebracao-da-cultura-em-todos-os-cantos-do-municipio\/whatsapp-image-2025-06-24-at-16-15-41-1\/'><img loading=\"lazy\" decoding=\"async\" width=\"150\" height=\"150\" src=\"https:\/\/novafm903.com.br\/adm\/wp-content\/uploads\/2025\/06\/WhatsApp-Image-2025-06-24-at-16.15.41-1-150x150.jpeg\" class=\"attachment-thumbnail size-thumbnail\" alt=\"\" \/><\/a>\n\t\t\t<\/div><\/figure><figure class='gallery-item'>\n\t\t\t<div class='gallery-icon landscape'>\n\t\t\t\t<a href='https:\/\/novafm903.com.br\/adm\/encerramento-do-sao-joao-2025-em-porto-seguro-tem-noite-inesquecivel-com-amado-batista-e-celebracao-da-cultura-em-todos-os-cantos-do-municipio\/whatsapp-image-2025-06-24-at-16-15-41\/'><img loading=\"lazy\" decoding=\"async\" width=\"150\" height=\"150\" src=\"https:\/\/novafm903.com.br\/adm\/wp-content\/uploads\/2025\/06\/WhatsApp-Image-2025-06-24-at-16.15.41-150x150.jpeg\" class=\"attachment-thumbnail size-thumbnail\" alt=\"\" \/><\/a>\n\t\t\t<\/div><\/figure><figure class='gallery-item'>\n\t\t\t<div class='gallery-icon landscape'>\n\t\t\t\t<a href='https:\/\/novafm903.com.br\/adm\/encerramento-do-sao-joao-2025-em-porto-seguro-tem-noite-inesquecivel-com-amado-batista-e-celebracao-da-cultura-em-todos-os-cantos-do-municipio\/whatsapp-image-2025-06-24-at-16-15-43-2-1\/'><img loading=\"lazy\" decoding=\"async\" width=\"150\" height=\"150\" src=\"https:\/\/novafm903.com.br\/adm\/wp-content\/uploads\/2025\/06\/WhatsApp-Image-2025-06-24-at-16.15.43-2-1-150x150.jpeg\" class=\"attachment-thumbnail size-thumbnail\" alt=\"\" \/><\/a>\n\t\t\t<\/div><\/figure><figure class='gallery-item'>\n\t\t\t<div class='gallery-icon landscape'>\n\t\t\t\t<a href='https:\/\/novafm903.com.br\/adm\/encerramento-do-sao-joao-2025-em-porto-seguro-tem-noite-inesquecivel-com-amado-batista-e-celebracao-da-cultura-em-todos-os-cantos-do-municipio\/whatsapp-image-2025-06-24-at-16-15-43-1-1\/'><img loading=\"lazy\" decoding=\"async\" width=\"150\" height=\"150\" src=\"https:\/\/novafm903.com.br\/adm\/wp-content\/uploads\/2025\/06\/WhatsApp-Image-2025-06-24-at-16.15.43-1-1-150x150.jpeg\" class=\"attachment-thumbnail size-thumbnail\" alt=\"\" \/><\/a>\n\t\t\t<\/div><\/figure><figure class='gallery-item'>\n\t\t\t<div class='gallery-icon landscape'>\n\t\t\t\t<a href='https:\/\/novafm903.com.br\/adm\/encerramento-do-sao-joao-2025-em-porto-seguro-tem-noite-inesquecivel-com-amado-batista-e-celebracao-da-cultura-em-todos-os-cantos-do-municipio\/joao-porto-3\/'><img loading=\"lazy\" decoding=\"async\" width=\"150\" height=\"150\" src=\"https:\/\/novafm903.com.br\/adm\/wp-content\/uploads\/2025\/06\/joao-porto-3-150x150.jpg\" class=\"attachment-thumbnail size-thumbnail\" alt=\"\" \/><\/a>\n\t\t\t<\/div><\/figure><figure class='gallery-item'>\n\t\t\t<div class='gallery-icon landscape'>\n\t\t\t\t<a href='https:\/\/novafm903.com.br\/adm\/encerramento-do-sao-joao-2025-em-porto-seguro-tem-noite-inesquecivel-com-amado-batista-e-celebracao-da-cultura-em-todos-os-cantos-do-municipio\/joao-porto-6\/'><img loading=\"lazy\" decoding=\"async\" width=\"150\" height=\"150\" src=\"https:\/\/novafm903.com.br\/adm\/wp-content\/uploads\/2025\/06\/joao-porto-6-150x150.jpg\" class=\"attachment-thumbnail size-thumbnail\" alt=\"\" \/><\/a>\n\t\t\t<\/div><\/figure>\n\t\t<\/div>\n\n<p>Por: Jojo Not\u00edcias<\/p>\n","protected":false},"excerpt":{"rendered":"<p>Porto Seguro encerrou oficialmente, nesta segunda-feira (23\/06), a sua grade de atra\u00e7\u00f5es do S\u00e3o Jo\u00e3o 2025 com uma apresenta\u00e7\u00e3o impec\u00e1vel e emocionante do \u00eddolo da m\u00fasica rom\u00e2ntica brasileira, Amado Batista. O show, realizado na Passarela da Cultura, reuniu uma multid\u00e3o de forrozeiros e f\u00e3s que lotaram o circuito oficial para viver uma noite de pura [&hellip;]<\/p>\n","protected":false},"author":4,"featured_media":14607,"comment_status":"closed","ping_status":"closed","sticky":true,"template":"","format":"standard","meta":{"_monsterinsights_skip_tracking":false,"_monsterinsights_sitenote_active":false,"_monsterinsights_sitenote_note":"","_monsterinsights_sitenote_category":0,"_joinchat":[],"footnotes":""},"categories":[35],"tags":[],"class_list":["post-14606","post","type-post","status-publish","format-standard","has-post-thumbnail","hentry","category-cultura"],"yoast_head":"<!-- This site is optimized with the Yoast SEO plugin v25.4 - https:\/\/yoast.com\/wordpress\/plugins\/seo\/ -->\n<title>Encerramento do S\u00e3o Jo\u00e3o 2025 em Porto Seguro tem noite inesquec\u00edvel com Amado Batista e celebra\u00e7\u00e3o da cultura em todos os cantos do munic\u00edpio - R\u00e1dio Nova FM Eun\u00e1polis - 90.3 Mhz<\/title>\n<meta name=\"robots\" content=\"index, follow, max-snippet:-1, max-image-preview:large, max-video-preview:-1\" \/>\n<link rel=\"canonical\" href=\"https:\/\/novafm903.com.br\/adm\/encerramento-do-sao-joao-2025-em-porto-seguro-tem-noite-inesquecivel-com-amado-batista-e-celebracao-da-cultura-em-todos-os-cantos-do-municipio\/\" \/>\n<meta property=\"og:locale\" content=\"pt_BR\" \/>\n<meta property=\"og:type\" content=\"article\" \/>\n<meta property=\"og:title\" content=\"Encerramento do S\u00e3o Jo\u00e3o 2025 em Porto Seguro tem noite inesquec\u00edvel com Amado Batista e celebra\u00e7\u00e3o da cultura em todos os cantos do munic\u00edpio - R\u00e1dio Nova FM Eun\u00e1polis - 90.3 Mhz\" \/>\n<meta property=\"og:description\" content=\"Porto Seguro encerrou oficialmente, nesta segunda-feira (23\/06), a sua grade de atra\u00e7\u00f5es do S\u00e3o Jo\u00e3o 2025 com uma apresenta\u00e7\u00e3o impec\u00e1vel e emocionante do \u00eddolo da m\u00fasica rom\u00e2ntica brasileira, Amado Batista. O show, realizado na Passarela da Cultura, reuniu uma multid\u00e3o de forrozeiros e f\u00e3s que lotaram o circuito oficial para viver uma noite de pura [&hellip;]\" \/>\n<meta property=\"og:url\" content=\"https:\/\/novafm903.com.br\/adm\/encerramento-do-sao-joao-2025-em-porto-seguro-tem-noite-inesquecivel-com-amado-batista-e-celebracao-da-cultura-em-todos-os-cantos-do-municipio\/\" \/>\n<meta property=\"og:site_name\" content=\"R\u00e1dio Nova FM Eun\u00e1polis - 90.3 Mhz\" \/>\n<meta property=\"article:publisher\" content=\"https:\/\/www.instagram.com\/novafm90.3\" \/>\n<meta property=\"article:published_time\" content=\"2025-06-25T15:43:12+00:00\" \/>\n<meta property=\"article:modified_time\" content=\"2025-06-25T15:43:29+00:00\" \/>\n<meta property=\"og:image\" content=\"https:\/\/novafm903.com.br\/adm\/wp-content\/uploads\/2025\/06\/foao-porto-5-750x430-1.jpg\" \/>\n\t<meta property=\"og:image:width\" content=\"750\" \/>\n\t<meta property=\"og:image:height\" content=\"430\" \/>\n\t<meta property=\"og:image:type\" content=\"image\/jpeg\" \/>\n<meta name=\"author\" content=\"Nova FM Eun\u00e1polis\" \/>\n<meta name=\"twitter:card\" content=\"summary_large_image\" \/>\n<meta name=\"twitter:label1\" content=\"Escrito por\" \/>\n\t<meta name=\"twitter:data1\" content=\"Nova FM Eun\u00e1polis\" \/>\n\t<meta name=\"twitter:label2\" content=\"Est. tempo de leitura\" \/>\n\t<meta name=\"twitter:data2\" content=\"3 minutos\" \/>\n<script type=\"application\/ld+json\" class=\"yoast-schema-graph\">{\"@context\":\"https:\/\/schema.org\",\"@graph\":[{\"@type\":\"Article\",\"@id\":\"https:\/\/novafm903.com.br\/adm\/encerramento-do-sao-joao-2025-em-porto-seguro-tem-noite-inesquecivel-com-amado-batista-e-celebracao-da-cultura-em-todos-os-cantos-do-municipio\/#article\",\"isPartOf\":{\"@id\":\"https:\/\/novafm903.com.br\/adm\/encerramento-do-sao-joao-2025-em-porto-seguro-tem-noite-inesquecivel-com-amado-batista-e-celebracao-da-cultura-em-todos-os-cantos-do-municipio\/\"},\"author\":{\"name\":\"Nova FM Eun\u00e1polis\",\"@id\":\"https:\/\/novafm903.com.br\/adm\/#\/schema\/person\/0db5c2389cb08014069072d0f5789b3a\"},\"headline\":\"Encerramento do S\u00e3o Jo\u00e3o 2025 em Porto Seguro tem noite inesquec\u00edvel com Amado Batista e celebra\u00e7\u00e3o da cultura em todos os cantos do munic\u00edpio\",\"datePublished\":\"2025-06-25T15:43:12+00:00\",\"dateModified\":\"2025-06-25T15:43:29+00:00\",\"mainEntityOfPage\":{\"@id\":\"https:\/\/novafm903.com.br\/adm\/encerramento-do-sao-joao-2025-em-porto-seguro-tem-noite-inesquecivel-com-amado-batista-e-celebracao-da-cultura-em-todos-os-cantos-do-municipio\/\"},\"wordCount\":589,\"publisher\":{\"@id\":\"https:\/\/novafm903.com.br\/adm\/#organization\"},\"image\":{\"@id\":\"https:\/\/novafm903.com.br\/adm\/encerramento-do-sao-joao-2025-em-porto-seguro-tem-noite-inesquecivel-com-amado-batista-e-celebracao-da-cultura-em-todos-os-cantos-do-municipio\/#primaryimage\"},\"thumbnailUrl\":\"https:\/\/novafm903.com.br\/adm\/wp-content\/uploads\/2025\/06\/foao-porto-5-750x430-1.jpg\",\"articleSection\":[\"Cultura\"],\"inLanguage\":\"pt-BR\"},{\"@type\":\"WebPage\",\"@id\":\"https:\/\/novafm903.com.br\/adm\/encerramento-do-sao-joao-2025-em-porto-seguro-tem-noite-inesquecivel-com-amado-batista-e-celebracao-da-cultura-em-todos-os-cantos-do-municipio\/\",\"url\":\"https:\/\/novafm903.com.br\/adm\/encerramento-do-sao-joao-2025-em-porto-seguro-tem-noite-inesquecivel-com-amado-batista-e-celebracao-da-cultura-em-todos-os-cantos-do-municipio\/\",\"name\":\"Encerramento do S\u00e3o Jo\u00e3o 2025 em Porto Seguro tem noite inesquec\u00edvel com Amado Batista e celebra\u00e7\u00e3o da cultura em todos os cantos do munic\u00edpio - R\u00e1dio Nova FM Eun\u00e1polis - 90.3 Mhz\",\"isPartOf\":{\"@id\":\"https:\/\/novafm903.com.br\/adm\/#website\"},\"primaryImageOfPage\":{\"@id\":\"https:\/\/novafm903.com.br\/adm\/encerramento-do-sao-joao-2025-em-porto-seguro-tem-noite-inesquecivel-com-amado-batista-e-celebracao-da-cultura-em-todos-os-cantos-do-municipio\/#primaryimage\"},\"image\":{\"@id\":\"https:\/\/novafm903.com.br\/adm\/encerramento-do-sao-joao-2025-em-porto-seguro-tem-noite-inesquecivel-com-amado-batista-e-celebracao-da-cultura-em-todos-os-cantos-do-municipio\/#primaryimage\"},\"thumbnailUrl\":\"https:\/\/novafm903.com.br\/adm\/wp-content\/uploads\/2025\/06\/foao-porto-5-750x430-1.jpg\",\"datePublished\":\"2025-06-25T15:43:12+00:00\",\"dateModified\":\"2025-06-25T15:43:29+00:00\",\"breadcrumb\":{\"@id\":\"https:\/\/novafm903.com.br\/adm\/encerramento-do-sao-joao-2025-em-porto-seguro-tem-noite-inesquecivel-com-amado-batista-e-celebracao-da-cultura-em-todos-os-cantos-do-municipio\/#breadcrumb\"},\"inLanguage\":\"pt-BR\",\"potentialAction\":[{\"@type\":\"ReadAction\",\"target\":[\"https:\/\/novafm903.com.br\/adm\/encerramento-do-sao-joao-2025-em-porto-seguro-tem-noite-inesquecivel-com-amado-batista-e-celebracao-da-cultura-em-todos-os-cantos-do-municipio\/\"]}]},{\"@type\":\"ImageObject\",\"inLanguage\":\"pt-BR\",\"@id\":\"https:\/\/novafm903.com.br\/adm\/encerramento-do-sao-joao-2025-em-porto-seguro-tem-noite-inesquecivel-com-amado-batista-e-celebracao-da-cultura-em-todos-os-cantos-do-municipio\/#primaryimage\",\"url\":\"https:\/\/novafm903.com.br\/adm\/wp-content\/uploads\/2025\/06\/foao-porto-5-750x430-1.jpg\",\"contentUrl\":\"https:\/\/novafm903.com.br\/adm\/wp-content\/uploads\/2025\/06\/foao-porto-5-750x430-1.jpg\",\"width\":750,\"height\":430},{\"@type\":\"BreadcrumbList\",\"@id\":\"https:\/\/novafm903.com.br\/adm\/encerramento-do-sao-joao-2025-em-porto-seguro-tem-noite-inesquecivel-com-amado-batista-e-celebracao-da-cultura-em-todos-os-cantos-do-municipio\/#breadcrumb\",\"itemListElement\":[{\"@type\":\"ListItem\",\"position\":1,\"name\":\"In\u00edcio\",\"item\":\"https:\/\/novafm903.com.br\/adm\/\"},{\"@type\":\"ListItem\",\"position\":2,\"name\":\"Encerramento do S\u00e3o Jo\u00e3o 2025 em Porto Seguro tem noite inesquec\u00edvel com Amado Batista e celebra\u00e7\u00e3o da cultura em todos os cantos do munic\u00edpio\"}]},{\"@type\":\"WebSite\",\"@id\":\"https:\/\/novafm903.com.br\/adm\/#website\",\"url\":\"https:\/\/novafm903.com.br\/adm\/\",\"name\":\"R\u00e1dio Nova FM Eun\u00e1polis - 90.3 Mhz\",\"description\":\"Sua nova r\u00e1dio!\",\"publisher\":{\"@id\":\"https:\/\/novafm903.com.br\/adm\/#organization\"},\"potentialAction\":[{\"@type\":\"SearchAction\",\"target\":{\"@type\":\"EntryPoint\",\"urlTemplate\":\"https:\/\/novafm903.com.br\/adm\/?s={search_term_string}\"},\"query-input\":{\"@type\":\"PropertyValueSpecification\",\"valueRequired\":true,\"valueName\":\"search_term_string\"}}],\"inLanguage\":\"pt-BR\"},{\"@type\":\"Organization\",\"@id\":\"https:\/\/novafm903.com.br\/adm\/#organization\",\"name\":\"R\u00e1dio Nova FM Eun\u00e1polis - 90.3 Mhz\",\"url\":\"https:\/\/novafm903.com.br\/adm\/\",\"logo\":{\"@type\":\"ImageObject\",\"inLanguage\":\"pt-BR\",\"@id\":\"https:\/\/novafm903.com.br\/adm\/#\/schema\/logo\/image\/\",\"url\":\"https:\/\/novafm903.com.br\/adm\/wp-content\/uploads\/2024\/07\/logo_novafm2.png\",\"contentUrl\":\"https:\/\/novafm903.com.br\/adm\/wp-content\/uploads\/2024\/07\/logo_novafm2.png\",\"width\":512,\"height\":380,\"caption\":\"R\u00e1dio Nova FM Eun\u00e1polis - 90.3 Mhz\"},\"image\":{\"@id\":\"https:\/\/novafm903.com.br\/adm\/#\/schema\/logo\/image\/\"},\"sameAs\":[\"https:\/\/www.instagram.com\/novafm90.3\"]},{\"@type\":\"Person\",\"@id\":\"https:\/\/novafm903.com.br\/adm\/#\/schema\/person\/0db5c2389cb08014069072d0f5789b3a\",\"name\":\"Nova FM Eun\u00e1polis\",\"image\":{\"@type\":\"ImageObject\",\"inLanguage\":\"pt-BR\",\"@id\":\"https:\/\/novafm903.com.br\/adm\/#\/schema\/person\/image\/\",\"url\":\"https:\/\/secure.gravatar.com\/avatar\/431cb21b612fb6d26e76c2e4d9a3b41703e84a20132b28d1fd61decca6d8332e?s=96&d=mm&r=g\",\"contentUrl\":\"https:\/\/secure.gravatar.com\/avatar\/431cb21b612fb6d26e76c2e4d9a3b41703e84a20132b28d1fd61decca6d8332e?s=96&d=mm&r=g\",\"caption\":\"Nova FM Eun\u00e1polis\"},\"sameAs\":[\"https:\/\/novafm903.com.br\"],\"url\":\"https:\/\/novafm903.com.br\/adm\/author\/radionova_fm\/\"}]}<\/script>\n<!-- \/ Yoast SEO plugin. -->","yoast_head_json":{"title":"Encerramento do S\u00e3o Jo\u00e3o 2025 em Porto Seguro tem noite inesquec\u00edvel com Amado Batista e celebra\u00e7\u00e3o da cultura em todos os cantos do munic\u00edpio - R\u00e1dio Nova FM Eun\u00e1polis - 90.3 Mhz","robots":{"index":"index","follow":"follow","max-snippet":"max-snippet:-1","max-image-preview":"max-image-preview:large","max-video-preview":"max-video-preview:-1"},"canonical":"https:\/\/novafm903.com.br\/adm\/encerramento-do-sao-joao-2025-em-porto-seguro-tem-noite-inesquecivel-com-amado-batista-e-celebracao-da-cultura-em-todos-os-cantos-do-municipio\/","og_locale":"pt_BR","og_type":"article","og_title":"Encerramento do S\u00e3o Jo\u00e3o 2025 em Porto Seguro tem noite inesquec\u00edvel com Amado Batista e celebra\u00e7\u00e3o da cultura em todos os cantos do munic\u00edpio - R\u00e1dio Nova FM Eun\u00e1polis - 90.3 Mhz","og_description":"Porto Seguro encerrou oficialmente, nesta segunda-feira (23\/06), a sua grade de atra\u00e7\u00f5es do S\u00e3o Jo\u00e3o 2025 com uma apresenta\u00e7\u00e3o impec\u00e1vel e emocionante do \u00eddolo da m\u00fasica rom\u00e2ntica brasileira, Amado Batista. O show, realizado na Passarela da Cultura, reuniu uma multid\u00e3o de forrozeiros e f\u00e3s que lotaram o circuito oficial para viver uma noite de pura [&hellip;]","og_url":"https:\/\/novafm903.com.br\/adm\/encerramento-do-sao-joao-2025-em-porto-seguro-tem-noite-inesquecivel-com-amado-batista-e-celebracao-da-cultura-em-todos-os-cantos-do-municipio\/","og_site_name":"R\u00e1dio Nova FM Eun\u00e1polis - 90.3 Mhz","article_publisher":"https:\/\/www.instagram.com\/novafm90.3","article_published_time":"2025-06-25T15:43:12+00:00","article_modified_time":"2025-06-25T15:43:29+00:00","og_image":[{"width":750,"height":430,"url":"https:\/\/novafm903.com.br\/adm\/wp-content\/uploads\/2025\/06\/foao-porto-5-750x430-1.jpg","type":"image\/jpeg"}],"author":"Nova FM Eun\u00e1polis","twitter_card":"summary_large_image","twitter_misc":{"Escrito por":"Nova FM Eun\u00e1polis","Est. tempo de leitura":"3 minutos"},"schema":{"@context":"https:\/\/schema.org","@graph":[{"@type":"Article","@id":"https:\/\/novafm903.com.br\/adm\/encerramento-do-sao-joao-2025-em-porto-seguro-tem-noite-inesquecivel-com-amado-batista-e-celebracao-da-cultura-em-todos-os-cantos-do-municipio\/#article","isPartOf":{"@id":"https:\/\/novafm903.com.br\/adm\/encerramento-do-sao-joao-2025-em-porto-seguro-tem-noite-inesquecivel-com-amado-batista-e-celebracao-da-cultura-em-todos-os-cantos-do-municipio\/"},"author":{"name":"Nova FM Eun\u00e1polis","@id":"https:\/\/novafm903.com.br\/adm\/#\/schema\/person\/0db5c2389cb08014069072d0f5789b3a"},"headline":"Encerramento do S\u00e3o Jo\u00e3o 2025 em Porto Seguro tem noite inesquec\u00edvel com Amado Batista e celebra\u00e7\u00e3o da cultura em todos os cantos do munic\u00edpio","datePublished":"2025-06-25T15:43:12+00:00","dateModified":"2025-06-25T15:43:29+00:00","mainEntityOfPage":{"@id":"https:\/\/novafm903.com.br\/adm\/encerramento-do-sao-joao-2025-em-porto-seguro-tem-noite-inesquecivel-com-amado-batista-e-celebracao-da-cultura-em-todos-os-cantos-do-municipio\/"},"wordCount":589,"publisher":{"@id":"https:\/\/novafm903.com.br\/adm\/#organization"},"image":{"@id":"https:\/\/novafm903.com.br\/adm\/encerramento-do-sao-joao-2025-em-porto-seguro-tem-noite-inesquecivel-com-amado-batista-e-celebracao-da-cultura-em-todos-os-cantos-do-municipio\/#primaryimage"},"thumbnailUrl":"https:\/\/novafm903.com.br\/adm\/wp-content\/uploads\/2025\/06\/foao-porto-5-750x430-1.jpg","articleSection":["Cultura"],"inLanguage":"pt-BR"},{"@type":"WebPage","@id":"https:\/\/novafm903.com.br\/adm\/encerramento-do-sao-joao-2025-em-porto-seguro-tem-noite-inesquecivel-com-amado-batista-e-celebracao-da-cultura-em-todos-os-cantos-do-municipio\/","url":"https:\/\/novafm903.com.br\/adm\/encerramento-do-sao-joao-2025-em-porto-seguro-tem-noite-inesquecivel-com-amado-batista-e-celebracao-da-cultura-em-todos-os-cantos-do-municipio\/","name":"Encerramento do S\u00e3o Jo\u00e3o 2025 em Porto Seguro tem noite inesquec\u00edvel com Amado Batista e celebra\u00e7\u00e3o da cultura em todos os cantos do munic\u00edpio - R\u00e1dio Nova FM Eun\u00e1polis - 90.3 Mhz","isPartOf":{"@id":"https:\/\/novafm903.com.br\/adm\/#website"},"primaryImageOfPage":{"@id":"https:\/\/novafm903.com.br\/adm\/encerramento-do-sao-joao-2025-em-porto-seguro-tem-noite-inesquecivel-com-amado-batista-e-celebracao-da-cultura-em-todos-os-cantos-do-municipio\/#primaryimage"},"image":{"@id":"https:\/\/novafm903.com.br\/adm\/encerramento-do-sao-joao-2025-em-porto-seguro-tem-noite-inesquecivel-com-amado-batista-e-celebracao-da-cultura-em-todos-os-cantos-do-municipio\/#primaryimage"},"thumbnailUrl":"https:\/\/novafm903.com.br\/adm\/wp-content\/uploads\/2025\/06\/foao-porto-5-750x430-1.jpg","datePublished":"2025-06-25T15:43:12+00:00","dateModified":"2025-06-25T15:43:29+00:00","breadcrumb":{"@id":"https:\/\/novafm903.com.br\/adm\/encerramento-do-sao-joao-2025-em-porto-seguro-tem-noite-inesquecivel-com-amado-batista-e-celebracao-da-cultura-em-todos-os-cantos-do-municipio\/#breadcrumb"},"inLanguage":"pt-BR","potentialAction":[{"@type":"ReadAction","target":["https:\/\/novafm903.com.br\/adm\/encerramento-do-sao-joao-2025-em-porto-seguro-tem-noite-inesquecivel-com-amado-batista-e-celebracao-da-cultura-em-todos-os-cantos-do-municipio\/"]}]},{"@type":"ImageObject","inLanguage":"pt-BR","@id":"https:\/\/novafm903.com.br\/adm\/encerramento-do-sao-joao-2025-em-porto-seguro-tem-noite-inesquecivel-com-amado-batista-e-celebracao-da-cultura-em-todos-os-cantos-do-municipio\/#primaryimage","url":"https:\/\/novafm903.com.br\/adm\/wp-content\/uploads\/2025\/06\/foao-porto-5-750x430-1.jpg","contentUrl":"https:\/\/novafm903.com.br\/adm\/wp-content\/uploads\/2025\/06\/foao-porto-5-750x430-1.jpg","width":750,"height":430},{"@type":"BreadcrumbList","@id":"https:\/\/novafm903.com.br\/adm\/encerramento-do-sao-joao-2025-em-porto-seguro-tem-noite-inesquecivel-com-amado-batista-e-celebracao-da-cultura-em-todos-os-cantos-do-municipio\/#breadcrumb","itemListElement":[{"@type":"ListItem","position":1,"name":"In\u00edcio","item":"https:\/\/novafm903.com.br\/adm\/"},{"@type":"ListItem","position":2,"name":"Encerramento do S\u00e3o Jo\u00e3o 2025 em Porto Seguro tem noite inesquec\u00edvel com Amado Batista e celebra\u00e7\u00e3o da cultura em todos os cantos do munic\u00edpio"}]},{"@type":"WebSite","@id":"https:\/\/novafm903.com.br\/adm\/#website","url":"https:\/\/novafm903.com.br\/adm\/","name":"R\u00e1dio Nova FM Eun\u00e1polis - 90.3 Mhz","description":"Sua nova r\u00e1dio!","publisher":{"@id":"https:\/\/novafm903.com.br\/adm\/#organization"},"potentialAction":[{"@type":"SearchAction","target":{"@type":"EntryPoint","urlTemplate":"https:\/\/novafm903.com.br\/adm\/?s={search_term_string}"},"query-input":{"@type":"PropertyValueSpecification","valueRequired":true,"valueName":"search_term_string"}}],"inLanguage":"pt-BR"},{"@type":"Organization","@id":"https:\/\/novafm903.com.br\/adm\/#organization","name":"R\u00e1dio Nova FM Eun\u00e1polis - 90.3 Mhz","url":"https:\/\/novafm903.com.br\/adm\/","logo":{"@type":"ImageObject","inLanguage":"pt-BR","@id":"https:\/\/novafm903.com.br\/adm\/#\/schema\/logo\/image\/","url":"https:\/\/novafm903.com.br\/adm\/wp-content\/uploads\/2024\/07\/logo_novafm2.png","contentUrl":"https:\/\/novafm903.com.br\/adm\/wp-content\/uploads\/2024\/07\/logo_novafm2.png","width":512,"height":380,"caption":"R\u00e1dio Nova FM Eun\u00e1polis - 90.3 Mhz"},"image":{"@id":"https:\/\/novafm903.com.br\/adm\/#\/schema\/logo\/image\/"},"sameAs":["https:\/\/www.instagram.com\/novafm90.3"]},{"@type":"Person","@id":"https:\/\/novafm903.com.br\/adm\/#\/schema\/person\/0db5c2389cb08014069072d0f5789b3a","name":"Nova FM Eun\u00e1polis","image":{"@type":"ImageObject","inLanguage":"pt-BR","@id":"https:\/\/novafm903.com.br\/adm\/#\/schema\/person\/image\/","url":"https:\/\/secure.gravatar.com\/avatar\/431cb21b612fb6d26e76c2e4d9a3b41703e84a20132b28d1fd61decca6d8332e?s=96&d=mm&r=g","contentUrl":"https:\/\/secure.gravatar.com\/avatar\/431cb21b612fb6d26e76c2e4d9a3b41703e84a20132b28d1fd61decca6d8332e?s=96&d=mm&r=g","caption":"Nova FM Eun\u00e1polis"},"sameAs":["https:\/\/novafm903.com.br"],"url":"https:\/\/novafm903.com.br\/adm\/author\/radionova_fm\/"}]}},"_links":{"self":[{"href":"https:\/\/novafm903.com.br\/adm\/wp-json\/wp\/v2\/posts\/14606","targetHints":{"allow":["GET"]}}],"collection":[{"href":"https:\/\/novafm903.com.br\/adm\/wp-json\/wp\/v2\/posts"}],"about":[{"href":"https:\/\/novafm903.com.br\/adm\/wp-json\/wp\/v2\/types\/post"}],"author":[{"embeddable":true,"href":"https:\/\/novafm903.com.br\/adm\/wp-json\/wp\/v2\/users\/4"}],"replies":[{"embeddable":true,"href":"https:\/\/novafm903.com.br\/adm\/wp-json\/wp\/v2\/comments?post=14606"}],"version-history":[{"count":2,"href":"https:\/\/novafm903.com.br\/adm\/wp-json\/wp\/v2\/posts\/14606\/revisions"}],"predecessor-version":[{"id":14620,"href":"https:\/\/novafm903.com.br\/adm\/wp-json\/wp\/v2\/posts\/14606\/revisions\/14620"}],"wp:featuredmedia":[{"embeddable":true,"href":"https:\/\/novafm903.com.br\/adm\/wp-json\/wp\/v2\/media\/14607"}],"wp:attachment":[{"href":"https:\/\/novafm903.com.br\/adm\/wp-json\/wp\/v2\/media?parent=14606"}],"wp:term":[{"taxonomy":"category","embeddable":true,"href":"https:\/\/novafm903.com.br\/adm\/wp-json\/wp\/v2\/categories?post=14606"},{"taxonomy":"post_tag","embeddable":true,"href":"https:\/\/novafm903.com.br\/adm\/wp-json\/wp\/v2\/tags?post=14606"}],"curies":[{"name":"wp","href":"https:\/\/api.w.org\/{rel}","templated":true}]}}