{"id":14734,"date":"2025-07-03T13:40:43","date_gmt":"2025-07-03T16:40:43","guid":{"rendered":"https:\/\/novafm903.com.br\/adm\/?p=14734"},"modified":"2025-07-03T13:40:43","modified_gmt":"2025-07-03T16:40:43","slug":"porto-seguro-encerra-festejos-de-sao-joao-com-grande-festa-no-baianao","status":"publish","type":"post","link":"https:\/\/novafm903.com.br\/adm\/porto-seguro-encerra-festejos-de-sao-joao-com-grande-festa-no-baianao\/","title":{"rendered":"Porto Seguro encerra festejos de S\u00e3o Jo\u00e3o com grande festa no Baian\u00e3o"},"content":{"rendered":"<p>A noite de s\u00e1bado, 1\u00ba de julho, marcou o encerramento oficial dos festejos de S\u00e3o Jo\u00e3o em Porto Seguro, com uma grande festa na Pra\u00e7a do Trabalhador, bairro Baian\u00e3o, que reuniu milhares de pessoas em um clima de muita alegria, tradi\u00e7\u00e3o e grandes sucessos musicais.<\/p>\n<p>A festa teve na programa\u00e7\u00e3o as bandas Asa Chic, que abriu a noite, Mulheres Xonadas, Sinho Ferrary e Jheremias Barbosa, que embalaram o p\u00fablico com sucessos contagiantes. O evento contou ainda com estrutura moderna de palco, luz e som, todo aparato de sa\u00fade e seguran\u00e7a, barraqueiros e ambulantes, encerrando o S\u00e3o Jo\u00e3o de Porto Seguro com chave de ouro.<\/p>\n<p>Desde o dia 22 de junho, Porto Seguro viveu a magia dos festejos juninos por toda a cidade, com um grande evento na Passarela da Cultura, que reuniu nomes da m\u00fasica como Diego &amp; Vitor Hugo, Amado Batista, Naiara Azevedo, entre outros. Al\u00e9m disso, a Prefeitura tamb\u00e9m promoveu arrai\u00e1s nos distritos de Arraial d\u2019Ajuda, Trancoso, Cara\u00edva, Nova Cara\u00edva, Xand\u00f3, Vale Verde, Vera Cruz e Itaporanga, celebrando tamb\u00e9m a Festa de S\u00e3o Pedro, na Tarifa dos Pescadores.<\/p>\n<p>O Prefeito de Porto Seguro, J\u00e2nio Natal, avaliou o S\u00e3o Jo\u00e3o de forma muito positiva, destacando a seguran\u00e7a do evento, qualidade das mais de 50 atra\u00e7\u00f5es e estrutura, valoriza\u00e7\u00e3o dos ambulantes e barraqueiros, e todo empenho das equipes para o grande sucesso que foi a festa. \u201cPromovemos os festejos por todo o munic\u00edpio, gerando emprego e renda para nossa cidade, impulsionando a economia, movimentando o turismo e fortalecendo as festas e a cultura de Porto Seguro, que est\u00e1 cada dia mais estruturada e preparada para receber os visitantes e tamb\u00e9m para os moradores\u201d, afirmou o gestor.<\/p>\n<p>Por: Ascom &#8211; Prefeitura de Porto Seguro<\/p>\n","protected":false},"excerpt":{"rendered":"<p>A noite de s\u00e1bado, 1\u00ba de julho, marcou o encerramento oficial dos festejos de S\u00e3o Jo\u00e3o em Porto Seguro, com uma grande festa na Pra\u00e7a do Trabalhador, bairro Baian\u00e3o, que reuniu milhares de pessoas em um clima de muita alegria, tradi\u00e7\u00e3o e grandes sucessos musicais. A festa teve na programa\u00e7\u00e3o as bandas Asa Chic, que [&hellip;]<\/p>\n","protected":false},"author":4,"featured_media":0,"comment_status":"closed","ping_status":"closed","sticky":true,"template":"","format":"standard","meta":{"_monsterinsights_skip_tracking":false,"_monsterinsights_sitenote_active":false,"_monsterinsights_sitenote_note":"","_monsterinsights_sitenote_category":0,"_joinchat":[],"footnotes":""},"categories":[35],"tags":[],"class_list":["post-14734","post","type-post","status-publish","format-standard","hentry","category-cultura"],"yoast_head":"<!-- This site is optimized with the Yoast SEO plugin v25.4 - https:\/\/yoast.com\/wordpress\/plugins\/seo\/ -->\n<title>Porto Seguro encerra festejos de S\u00e3o Jo\u00e3o com grande festa no Baian\u00e3o - R\u00e1dio Nova FM Eun\u00e1polis - 90.3 Mhz<\/title>\n<meta name=\"robots\" content=\"index, follow, max-snippet:-1, max-image-preview:large, max-video-preview:-1\" \/>\n<link rel=\"canonical\" href=\"https:\/\/novafm903.com.br\/adm\/porto-seguro-encerra-festejos-de-sao-joao-com-grande-festa-no-baianao\/\" \/>\n<meta property=\"og:locale\" content=\"pt_BR\" \/>\n<meta property=\"og:type\" content=\"article\" \/>\n<meta property=\"og:title\" content=\"Porto Seguro encerra festejos de S\u00e3o Jo\u00e3o com grande festa no Baian\u00e3o - R\u00e1dio Nova FM Eun\u00e1polis - 90.3 Mhz\" \/>\n<meta property=\"og:description\" content=\"A noite de s\u00e1bado, 1\u00ba de julho, marcou o encerramento oficial dos festejos de S\u00e3o Jo\u00e3o em Porto Seguro, com uma grande festa na Pra\u00e7a do Trabalhador, bairro Baian\u00e3o, que reuniu milhares de pessoas em um clima de muita alegria, tradi\u00e7\u00e3o e grandes sucessos musicais. A festa teve na programa\u00e7\u00e3o as bandas Asa Chic, que [&hellip;]\" \/>\n<meta property=\"og:url\" content=\"https:\/\/novafm903.com.br\/adm\/porto-seguro-encerra-festejos-de-sao-joao-com-grande-festa-no-baianao\/\" \/>\n<meta property=\"og:site_name\" content=\"R\u00e1dio Nova FM Eun\u00e1polis - 90.3 Mhz\" \/>\n<meta property=\"article:publisher\" content=\"https:\/\/www.instagram.com\/novafm90.3\" \/>\n<meta property=\"article:published_time\" content=\"2025-07-03T16:40:43+00:00\" \/>\n<meta name=\"author\" content=\"Nova FM Eun\u00e1polis\" \/>\n<meta name=\"twitter:card\" content=\"summary_large_image\" \/>\n<meta name=\"twitter:label1\" content=\"Escrito por\" \/>\n\t<meta name=\"twitter:data1\" content=\"Nova FM Eun\u00e1polis\" \/>\n\t<meta name=\"twitter:label2\" content=\"Est. tempo de leitura\" \/>\n\t<meta name=\"twitter:data2\" content=\"2 minutos\" \/>\n<script type=\"application\/ld+json\" class=\"yoast-schema-graph\">{\"@context\":\"https:\/\/schema.org\",\"@graph\":[{\"@type\":\"Article\",\"@id\":\"https:\/\/novafm903.com.br\/adm\/porto-seguro-encerra-festejos-de-sao-joao-com-grande-festa-no-baianao\/#article\",\"isPartOf\":{\"@id\":\"https:\/\/novafm903.com.br\/adm\/porto-seguro-encerra-festejos-de-sao-joao-com-grande-festa-no-baianao\/\"},\"author\":{\"name\":\"Nova FM Eun\u00e1polis\",\"@id\":\"https:\/\/novafm903.com.br\/adm\/#\/schema\/person\/0db5c2389cb08014069072d0f5789b3a\"},\"headline\":\"Porto Seguro encerra festejos de S\u00e3o Jo\u00e3o com grande festa no Baian\u00e3o\",\"datePublished\":\"2025-07-03T16:40:43+00:00\",\"mainEntityOfPage\":{\"@id\":\"https:\/\/novafm903.com.br\/adm\/porto-seguro-encerra-festejos-de-sao-joao-com-grande-festa-no-baianao\/\"},\"wordCount\":324,\"publisher\":{\"@id\":\"https:\/\/novafm903.com.br\/adm\/#organization\"},\"articleSection\":[\"Cultura\"],\"inLanguage\":\"pt-BR\"},{\"@type\":\"WebPage\",\"@id\":\"https:\/\/novafm903.com.br\/adm\/porto-seguro-encerra-festejos-de-sao-joao-com-grande-festa-no-baianao\/\",\"url\":\"https:\/\/novafm903.com.br\/adm\/porto-seguro-encerra-festejos-de-sao-joao-com-grande-festa-no-baianao\/\",\"name\":\"Porto Seguro encerra festejos de S\u00e3o Jo\u00e3o com grande festa no Baian\u00e3o - R\u00e1dio Nova FM Eun\u00e1polis - 90.3 Mhz\",\"isPartOf\":{\"@id\":\"https:\/\/novafm903.com.br\/adm\/#website\"},\"datePublished\":\"2025-07-03T16:40:43+00:00\",\"breadcrumb\":{\"@id\":\"https:\/\/novafm903.com.br\/adm\/porto-seguro-encerra-festejos-de-sao-joao-com-grande-festa-no-baianao\/#breadcrumb\"},\"inLanguage\":\"pt-BR\",\"potentialAction\":[{\"@type\":\"ReadAction\",\"target\":[\"https:\/\/novafm903.com.br\/adm\/porto-seguro-encerra-festejos-de-sao-joao-com-grande-festa-no-baianao\/\"]}]},{\"@type\":\"BreadcrumbList\",\"@id\":\"https:\/\/novafm903.com.br\/adm\/porto-seguro-encerra-festejos-de-sao-joao-com-grande-festa-no-baianao\/#breadcrumb\",\"itemListElement\":[{\"@type\":\"ListItem\",\"position\":1,\"name\":\"In\u00edcio\",\"item\":\"https:\/\/novafm903.com.br\/adm\/\"},{\"@type\":\"ListItem\",\"position\":2,\"name\":\"Porto Seguro encerra festejos de S\u00e3o Jo\u00e3o com grande festa no Baian\u00e3o\"}]},{\"@type\":\"WebSite\",\"@id\":\"https:\/\/novafm903.com.br\/adm\/#website\",\"url\":\"https:\/\/novafm903.com.br\/adm\/\",\"name\":\"R\u00e1dio Nova FM Eun\u00e1polis - 90.3 Mhz\",\"description\":\"Sua nova r\u00e1dio!\",\"publisher\":{\"@id\":\"https:\/\/novafm903.com.br\/adm\/#organization\"},\"potentialAction\":[{\"@type\":\"SearchAction\",\"target\":{\"@type\":\"EntryPoint\",\"urlTemplate\":\"https:\/\/novafm903.com.br\/adm\/?s={search_term_string}\"},\"query-input\":{\"@type\":\"PropertyValueSpecification\",\"valueRequired\":true,\"valueName\":\"search_term_string\"}}],\"inLanguage\":\"pt-BR\"},{\"@type\":\"Organization\",\"@id\":\"https:\/\/novafm903.com.br\/adm\/#organization\",\"name\":\"R\u00e1dio Nova FM Eun\u00e1polis - 90.3 Mhz\",\"url\":\"https:\/\/novafm903.com.br\/adm\/\",\"logo\":{\"@type\":\"ImageObject\",\"inLanguage\":\"pt-BR\",\"@id\":\"https:\/\/novafm903.com.br\/adm\/#\/schema\/logo\/image\/\",\"url\":\"https:\/\/novafm903.com.br\/adm\/wp-content\/uploads\/2024\/07\/logo_novafm2.png\",\"contentUrl\":\"https:\/\/novafm903.com.br\/adm\/wp-content\/uploads\/2024\/07\/logo_novafm2.png\",\"width\":512,\"height\":380,\"caption\":\"R\u00e1dio Nova FM Eun\u00e1polis - 90.3 Mhz\"},\"image\":{\"@id\":\"https:\/\/novafm903.com.br\/adm\/#\/schema\/logo\/image\/\"},\"sameAs\":[\"https:\/\/www.instagram.com\/novafm90.3\"]},{\"@type\":\"Person\",\"@id\":\"https:\/\/novafm903.com.br\/adm\/#\/schema\/person\/0db5c2389cb08014069072d0f5789b3a\",\"name\":\"Nova FM Eun\u00e1polis\",\"image\":{\"@type\":\"ImageObject\",\"inLanguage\":\"pt-BR\",\"@id\":\"https:\/\/novafm903.com.br\/adm\/#\/schema\/person\/image\/\",\"url\":\"https:\/\/secure.gravatar.com\/avatar\/431cb21b612fb6d26e76c2e4d9a3b41703e84a20132b28d1fd61decca6d8332e?s=96&d=mm&r=g\",\"contentUrl\":\"https:\/\/secure.gravatar.com\/avatar\/431cb21b612fb6d26e76c2e4d9a3b41703e84a20132b28d1fd61decca6d8332e?s=96&d=mm&r=g\",\"caption\":\"Nova FM Eun\u00e1polis\"},\"sameAs\":[\"https:\/\/novafm903.com.br\"],\"url\":\"https:\/\/novafm903.com.br\/adm\/author\/radionova_fm\/\"}]}<\/script>\n<!-- \/ Yoast SEO plugin. -->","yoast_head_json":{"title":"Porto Seguro encerra festejos de S\u00e3o Jo\u00e3o com grande festa no Baian\u00e3o - R\u00e1dio Nova FM Eun\u00e1polis - 90.3 Mhz","robots":{"index":"index","follow":"follow","max-snippet":"max-snippet:-1","max-image-preview":"max-image-preview:large","max-video-preview":"max-video-preview:-1"},"canonical":"https:\/\/novafm903.com.br\/adm\/porto-seguro-encerra-festejos-de-sao-joao-com-grande-festa-no-baianao\/","og_locale":"pt_BR","og_type":"article","og_title":"Porto Seguro encerra festejos de S\u00e3o Jo\u00e3o com grande festa no Baian\u00e3o - R\u00e1dio Nova FM Eun\u00e1polis - 90.3 Mhz","og_description":"A noite de s\u00e1bado, 1\u00ba de julho, marcou o encerramento oficial dos festejos de S\u00e3o Jo\u00e3o em Porto Seguro, com uma grande festa na Pra\u00e7a do Trabalhador, bairro Baian\u00e3o, que reuniu milhares de pessoas em um clima de muita alegria, tradi\u00e7\u00e3o e grandes sucessos musicais. A festa teve na programa\u00e7\u00e3o as bandas Asa Chic, que [&hellip;]","og_url":"https:\/\/novafm903.com.br\/adm\/porto-seguro-encerra-festejos-de-sao-joao-com-grande-festa-no-baianao\/","og_site_name":"R\u00e1dio Nova FM Eun\u00e1polis - 90.3 Mhz","article_publisher":"https:\/\/www.instagram.com\/novafm90.3","article_published_time":"2025-07-03T16:40:43+00:00","author":"Nova FM Eun\u00e1polis","twitter_card":"summary_large_image","twitter_misc":{"Escrito por":"Nova FM Eun\u00e1polis","Est. tempo de leitura":"2 minutos"},"schema":{"@context":"https:\/\/schema.org","@graph":[{"@type":"Article","@id":"https:\/\/novafm903.com.br\/adm\/porto-seguro-encerra-festejos-de-sao-joao-com-grande-festa-no-baianao\/#article","isPartOf":{"@id":"https:\/\/novafm903.com.br\/adm\/porto-seguro-encerra-festejos-de-sao-joao-com-grande-festa-no-baianao\/"},"author":{"name":"Nova FM Eun\u00e1polis","@id":"https:\/\/novafm903.com.br\/adm\/#\/schema\/person\/0db5c2389cb08014069072d0f5789b3a"},"headline":"Porto Seguro encerra festejos de S\u00e3o Jo\u00e3o com grande festa no Baian\u00e3o","datePublished":"2025-07-03T16:40:43+00:00","mainEntityOfPage":{"@id":"https:\/\/novafm903.com.br\/adm\/porto-seguro-encerra-festejos-de-sao-joao-com-grande-festa-no-baianao\/"},"wordCount":324,"publisher":{"@id":"https:\/\/novafm903.com.br\/adm\/#organization"},"articleSection":["Cultura"],"inLanguage":"pt-BR"},{"@type":"WebPage","@id":"https:\/\/novafm903.com.br\/adm\/porto-seguro-encerra-festejos-de-sao-joao-com-grande-festa-no-baianao\/","url":"https:\/\/novafm903.com.br\/adm\/porto-seguro-encerra-festejos-de-sao-joao-com-grande-festa-no-baianao\/","name":"Porto Seguro encerra festejos de S\u00e3o Jo\u00e3o com grande festa no Baian\u00e3o - R\u00e1dio Nova FM Eun\u00e1polis - 90.3 Mhz","isPartOf":{"@id":"https:\/\/novafm903.com.br\/adm\/#website"},"datePublished":"2025-07-03T16:40:43+00:00","breadcrumb":{"@id":"https:\/\/novafm903.com.br\/adm\/porto-seguro-encerra-festejos-de-sao-joao-com-grande-festa-no-baianao\/#breadcrumb"},"inLanguage":"pt-BR","potentialAction":[{"@type":"ReadAction","target":["https:\/\/novafm903.com.br\/adm\/porto-seguro-encerra-festejos-de-sao-joao-com-grande-festa-no-baianao\/"]}]},{"@type":"BreadcrumbList","@id":"https:\/\/novafm903.com.br\/adm\/porto-seguro-encerra-festejos-de-sao-joao-com-grande-festa-no-baianao\/#breadcrumb","itemListElement":[{"@type":"ListItem","position":1,"name":"In\u00edcio","item":"https:\/\/novafm903.com.br\/adm\/"},{"@type":"ListItem","position":2,"name":"Porto Seguro encerra festejos de S\u00e3o Jo\u00e3o com grande festa no Baian\u00e3o"}]},{"@type":"WebSite","@id":"https:\/\/novafm903.com.br\/adm\/#website","url":"https:\/\/novafm903.com.br\/adm\/","name":"R\u00e1dio Nova FM Eun\u00e1polis - 90.3 Mhz","description":"Sua nova r\u00e1dio!","publisher":{"@id":"https:\/\/novafm903.com.br\/adm\/#organization"},"potentialAction":[{"@type":"SearchAction","target":{"@type":"EntryPoint","urlTemplate":"https:\/\/novafm903.com.br\/adm\/?s={search_term_string}"},"query-input":{"@type":"PropertyValueSpecification","valueRequired":true,"valueName":"search_term_string"}}],"inLanguage":"pt-BR"},{"@type":"Organization","@id":"https:\/\/novafm903.com.br\/adm\/#organization","name":"R\u00e1dio Nova FM Eun\u00e1polis - 90.3 Mhz","url":"https:\/\/novafm903.com.br\/adm\/","logo":{"@type":"ImageObject","inLanguage":"pt-BR","@id":"https:\/\/novafm903.com.br\/adm\/#\/schema\/logo\/image\/","url":"https:\/\/novafm903.com.br\/adm\/wp-content\/uploads\/2024\/07\/logo_novafm2.png","contentUrl":"https:\/\/novafm903.com.br\/adm\/wp-content\/uploads\/2024\/07\/logo_novafm2.png","width":512,"height":380,"caption":"R\u00e1dio Nova FM Eun\u00e1polis - 90.3 Mhz"},"image":{"@id":"https:\/\/novafm903.com.br\/adm\/#\/schema\/logo\/image\/"},"sameAs":["https:\/\/www.instagram.com\/novafm90.3"]},{"@type":"Person","@id":"https:\/\/novafm903.com.br\/adm\/#\/schema\/person\/0db5c2389cb08014069072d0f5789b3a","name":"Nova FM Eun\u00e1polis","image":{"@type":"ImageObject","inLanguage":"pt-BR","@id":"https:\/\/novafm903.com.br\/adm\/#\/schema\/person\/image\/","url":"https:\/\/secure.gravatar.com\/avatar\/431cb21b612fb6d26e76c2e4d9a3b41703e84a20132b28d1fd61decca6d8332e?s=96&d=mm&r=g","contentUrl":"https:\/\/secure.gravatar.com\/avatar\/431cb21b612fb6d26e76c2e4d9a3b41703e84a20132b28d1fd61decca6d8332e?s=96&d=mm&r=g","caption":"Nova FM Eun\u00e1polis"},"sameAs":["https:\/\/novafm903.com.br"],"url":"https:\/\/novafm903.com.br\/adm\/author\/radionova_fm\/"}]}},"_links":{"self":[{"href":"https:\/\/novafm903.com.br\/adm\/wp-json\/wp\/v2\/posts\/14734","targetHints":{"allow":["GET"]}}],"collection":[{"href":"https:\/\/novafm903.com.br\/adm\/wp-json\/wp\/v2\/posts"}],"about":[{"href":"https:\/\/novafm903.com.br\/adm\/wp-json\/wp\/v2\/types\/post"}],"author":[{"embeddable":true,"href":"https:\/\/novafm903.com.br\/adm\/wp-json\/wp\/v2\/users\/4"}],"replies":[{"embeddable":true,"href":"https:\/\/novafm903.com.br\/adm\/wp-json\/wp\/v2\/comments?post=14734"}],"version-history":[{"count":1,"href":"https:\/\/novafm903.com.br\/adm\/wp-json\/wp\/v2\/posts\/14734\/revisions"}],"predecessor-version":[{"id":14739,"href":"https:\/\/novafm903.com.br\/adm\/wp-json\/wp\/v2\/posts\/14734\/revisions\/14739"}],"wp:attachment":[{"href":"https:\/\/novafm903.com.br\/adm\/wp-json\/wp\/v2\/media?parent=14734"}],"wp:term":[{"taxonomy":"category","embeddable":true,"href":"https:\/\/novafm903.com.br\/adm\/wp-json\/wp\/v2\/categories?post=14734"},{"taxonomy":"post_tag","embeddable":true,"href":"https:\/\/novafm903.com.br\/adm\/wp-json\/wp\/v2\/tags?post=14734"}],"curies":[{"name":"wp","href":"https:\/\/api.w.org\/{rel}","templated":true}]}}